{"id":174132,"date":"2021-04-02T17:24:02","date_gmt":"2021-04-02T15:24:02","guid":{"rendered":"https:\/\/zjarr.tv\/?p=174132"},"modified":"2021-04-02T17:24:02","modified_gmt":"2021-04-02T15:24:02","slug":"u-perjashtua-nga-partia-socialiste-dritan-leli-nuk-zmbrapset-kemi-plane","status":"publish","type":"post","link":"https:\/\/zjarr.tv\/sq\/u-perjashtua-nga-partia-socialiste-dritan-leli-nuk-zmbrapset-kemi-plane\/","title":{"rendered":"U p\u00ebrjashtua nga Partia Socialiste Dritan Leli nuk \u2018zmbrapset\u2019: Kemi plane!"},"content":{"rendered":"<p>Kryebashkiaku i Vlor\u00ebs, Dritan Leli,u p\u00ebrjashtua nga Partia Socialiste pasi kryebashkiaku i Vlor\u00ebs refuzoi t\u00eb jap\u00eb dor\u00ebheqjen p\u00ebr t\u2019u kandiduar si deputet, kur m\u00ebsoi se i ishte ofruar nj\u00eb pozicion jo i favorsh\u00ebm n\u00eb list\u00eb.<\/p>\n<p>Edhe pse me urdh\u00ebr t\u00eb kryeministrit Edi Rama nuk duhet t\u00eb ishte m\u00eb n\u00eb zyr\u00ebn e tij,per te puna vijon sikur t\u00eb mos ket\u00eb ndodhur asgj\u00eb.<\/p>\n<p>Dit\u00ebn e sotme, ai ka zhvilluar nje takim me Julinda Dhame, drejtoresha e P\u00ebrgjithshme t\u00eb Promovimit n\u00eb Bashkin\u00eb Tiran\u00eb, dhe si\u00e7 duket kan\u00eb plane n\u00eb vijim\u00ebsi.<\/p>\n<p>\u201cPo b\u00ebjm\u00eb plane q\u00eb tani, bashk\u00eb me Julinda Dhamen, p\u00ebr dit\u00ebt e bukura q\u00eb na presin me aventurier\u00ebt e Rally Albania. 300 pilot\u00eb profesionist\u00eb, shqiptar\u00eb e t\u00eb huaj, do t\u00eb garojn\u00eb n\u00eb terrenet m\u00eb t\u00eb bukura shqiptare. N\u00eb dy nga dit\u00ebt e programit, 5-7 qershor, pjes\u00ebmarr\u00ebsit do t\u00eb kalojn\u00eb nga shtigjet e v\u00ebshtira &#8220;off road&#8221; t\u00eb Vlor\u00ebs dhe ishullit t\u00eb Sazanit, ku bashk\u00eb me adrenalin\u00ebn e sportit, t\u00eb huajt do t\u00eb njohin e shijojn\u00eb edhe bukurit\u00eb natyrore t\u00eb zonave kodrinore q\u00eb kalojn\u00eb pran\u00eb detit. Bashk\u00eb me k\u00ebnaq\u00ebsit\u00eb e sportit, le ta prezantojm\u00eb Vlor\u00ebn dhe potencialet e saj n\u00eb t\u00eb gjitha format!\u201d-shkruan Leli<\/p>\n","protected":false},"excerpt":{"rendered":"<p>Kryebashkiaku i Vlor\u00ebs, Dritan Leli,u p\u00ebrjashtua nga Partia Socialiste pasi kryebashkiaku i Vlor\u00ebs refuzoi t\u00eb jap\u00eb dor\u00ebheqjen p\u00ebr t\u2019u kandiduar si deputet, kur m\u00ebsoi se i ishte ofruar nj\u00eb pozicion jo i favorsh\u00ebm n\u00eb list\u00eb. Edhe pse me urdh\u00ebr t\u00eb kryeministrit Edi Rama nuk duhet t\u00eb ishte m\u00eb n\u00eb zyr\u00ebn e tij,per te puna vijon [&hellip;]<\/p>\n","protected":false},"author":2031,"featured_media":174133,"comment_status":"closed","ping_status":"closed","sticky":false,"template":"","format":"standard","meta":{"footnotes":""},"categories":[1],"tags":[],"class_list":{"0":"post-174132","1":"post","2":"type-post","3":"status-publish","4":"format-standard","5":"has-post-thumbnail","7":"category-uncategorized-sq"},"_links":{"self":[{"href":"https:\/\/zjarr.tv\/sq\/wp-json\/wp\/v2\/posts\/174132","targetHints":{"allow":["GET"]}}],"collection":[{"href":"https:\/\/zjarr.tv\/sq\/wp-json\/wp\/v2\/posts"}],"about":[{"href":"https:\/\/zjarr.tv\/sq\/wp-json\/wp\/v2\/types\/post"}],"author":[{"embeddable":true,"href":"https:\/\/zjarr.tv\/sq\/wp-json\/wp\/v2\/users\/2031"}],"replies":[{"embeddable":true,"href":"https:\/\/zjarr.tv\/sq\/wp-json\/wp\/v2\/comments?post=174132"}],"version-history":[{"count":0,"href":"https:\/\/zjarr.tv\/sq\/wp-json\/wp\/v2\/posts\/174132\/revisions"}],"wp:featuredmedia":[{"embeddable":true,"href":"https:\/\/zjarr.tv\/sq\/wp-json\/wp\/v2\/media\/174133"}],"wp:attachment":[{"href":"https:\/\/zjarr.tv\/sq\/wp-json\/wp\/v2\/media?parent=174132"}],"wp:term":[{"taxonomy":"category","embeddable":true,"href":"https:\/\/zjarr.tv\/sq\/wp-json\/wp\/v2\/categories?post=174132"},{"taxonomy":"post_tag","embeddable":true,"href":"https:\/\/zjarr.tv\/sq\/wp-json\/wp\/v2\/tags?post=174132"}],"curies":[{"name":"wp","href":"https:\/\/api.w.org\/{rel}","templated":true}]}}