{"id":174152,"date":"2021-04-02T18:32:53","date_gmt":"2021-04-02T16:32:53","guid":{"rendered":"https:\/\/zjarr.tv\/?p=174152"},"modified":"2021-04-02T18:32:53","modified_gmt":"2021-04-02T16:32:53","slug":"nga-armir-shkurti-per-bagetine-qe-thote-pse-mo-ca-kane-emigrantet-nga-afrika","status":"publish","type":"post","link":"https:\/\/zjarr.tv\/sq\/nga-armir-shkurti-per-bagetine-qe-thote-pse-mo-ca-kane-emigrantet-nga-afrika\/","title":{"rendered":"Nga Armir Shkurti\/P\u00ebr bag\u00ebtin\u00eb q\u00eb thot\u00eb &#8220;pse mo \u00e7a kan\u00eb emigrant\u00ebt nga Afrika&#8221;?"},"content":{"rendered":"<ol>\n<li>Do sillen k\u00ebtu p\u00ebr t\u00eb prishur tregun e pun\u00ebs. Duke filluar q\u00eb nga ULJA E PAGAVE dhe KUSHTEVE T\u00cb PUN\u00cbS.<\/li>\n<li>Do t\u00eb sillen p\u00ebr t\u00eb goditur standartet e LIRIS\u00cb. Si\u00e7 tha Rama vet\u00eb: &#8220;ata nuk flasin. Por po filluan t\u00eb merren me politik\u00eb, i nd\u00ebrron n\u00eb \u00e7ast&#8221;<\/li>\n<li>Do t\u00eb sillen p\u00ebr t\u00eb prishur standartin dhe aspirat\u00ebn Per\u00ebndimore t\u00eb Shqip\u00ebris\u00eb. Pronari i nj\u00eb biznesi i tregonte kryeministrit se kish ngritur kapanone skllev\u00ebrve, q\u00eb t\u00eb han\u00eb e t\u00eb flen\u00eb n\u00eb vendin e pun\u00ebs. Modeli i skllav\u00ebris\u00eb kineze t\u00eb pun\u00ebs<\/li>\n<\/ol>\n<p>Kaq besoj mjaftojn\u00eb p\u00ebr t\u00eb trazuar mutin brenda ca kafkave q\u00eb pismosen se p\u00ebrse shqiptar\u00ebt jan\u00eb kund\u00ebr axhend\u00ebs shpopulluese t\u00eb vendit t\u00eb tyre, kund\u00ebr varf\u00ebrimit dhe skllav\u00ebrimit modern!<\/p>\n<p>Edi Rama \u00ebsht\u00eb ANTISHQIPTAR sepse at\u00eb drejtim ka zgjedhur! Mos u boj ene ti m\u00ebr zgjebs, kokmut, q\u00eb ta mushin trunin me turli hallve: q\u00eb nga ato fetare tek ato liberale!!!<\/p>\n","protected":false},"excerpt":{"rendered":"<p>Do sillen k\u00ebtu p\u00ebr t\u00eb prishur tregun e pun\u00ebs. Duke filluar q\u00eb nga ULJA E PAGAVE dhe KUSHTEVE T\u00cb PUN\u00cbS. Do t\u00eb sillen p\u00ebr t\u00eb goditur standartet e LIRIS\u00cb. Si\u00e7 tha Rama vet\u00eb: &#8220;ata nuk flasin. Por po filluan t\u00eb merren me politik\u00eb, i nd\u00ebrron n\u00eb \u00e7ast&#8221; Do t\u00eb sillen p\u00ebr t\u00eb prishur standartin dhe [&hellip;]<\/p>\n","protected":false},"author":2031,"featured_media":174153,"comment_status":"closed","ping_status":"closed","sticky":false,"template":"","format":"standard","meta":{"footnotes":""},"categories":[364],"tags":[],"class_list":{"0":"post-174152","1":"post","2":"type-post","3":"status-publish","4":"format-standard","5":"has-post-thumbnail","7":"category-koment-opinion"},"_links":{"self":[{"href":"https:\/\/zjarr.tv\/sq\/wp-json\/wp\/v2\/posts\/174152","targetHints":{"allow":["GET"]}}],"collection":[{"href":"https:\/\/zjarr.tv\/sq\/wp-json\/wp\/v2\/posts"}],"about":[{"href":"https:\/\/zjarr.tv\/sq\/wp-json\/wp\/v2\/types\/post"}],"author":[{"embeddable":true,"href":"https:\/\/zjarr.tv\/sq\/wp-json\/wp\/v2\/users\/2031"}],"replies":[{"embeddable":true,"href":"https:\/\/zjarr.tv\/sq\/wp-json\/wp\/v2\/comments?post=174152"}],"version-history":[{"count":0,"href":"https:\/\/zjarr.tv\/sq\/wp-json\/wp\/v2\/posts\/174152\/revisions"}],"wp:featuredmedia":[{"embeddable":true,"href":"https:\/\/zjarr.tv\/sq\/wp-json\/wp\/v2\/media\/174153"}],"wp:attachment":[{"href":"https:\/\/zjarr.tv\/sq\/wp-json\/wp\/v2\/media?parent=174152"}],"wp:term":[{"taxonomy":"category","embeddable":true,"href":"https:\/\/zjarr.tv\/sq\/wp-json\/wp\/v2\/categories?post=174152"},{"taxonomy":"post_tag","embeddable":true,"href":"https:\/\/zjarr.tv\/sq\/wp-json\/wp\/v2\/tags?post=174152"}],"curies":[{"name":"wp","href":"https:\/\/api.w.org\/{rel}","templated":true}]}}