{"id":174178,"date":"2021-04-03T08:24:55","date_gmt":"2021-04-03T06:24:55","guid":{"rendered":"https:\/\/zjarr.tv\/?p=174178"},"modified":"2021-04-03T08:25:16","modified_gmt":"2021-04-03T06:25:16","slug":"opinioni-i-edmond-tupes-per-semundjen-e-kryepushtetareve-rama-i-prekur-nga-hubris-ilaci-per-te-disfata-ne-25-prill","status":"publish","type":"post","link":"https:\/\/zjarr.tv\/sq\/opinioni-i-edmond-tupes-per-semundjen-e-kryepushtetareve-rama-i-prekur-nga-hubris-ilaci-per-te-disfata-ne-25-prill\/","title":{"rendered":"Opinioni i Edmond Tupes p\u00ebr s\u00ebmundjen e kryepushtetar\u00ebve: Rama i prekur nga Hubris, ila\u00e7i p\u00ebr t\u00eb disfata n\u00eb 25 Prill\u2026"},"content":{"rendered":"<p>Profesori dhe\u00a0p\u00ebrkthyesi si dhe autori i disa librave, Edmond Tupe, na shfokusoi pak nga pandemia duke na folur p\u00ebr \u00a0sindrom\u00ebn e Hubris, s\u00ebmundja q\u00eb prek kryepushtetar\u00ebt dhe kryeqeveritar\u00ebt, duke e lidhur pak edhe me situat\u00ebn zgjedhore.<\/p>\n<p>Tupe, ishte i ftuar n\u00eb Rtv Ora, ku u shpreh se nga kjo sindrom\u00eb, n\u00eb mesin e politikan\u00ebve shqiptar\u00eb, \u00ebsht\u00eb prekur edhe Edi Rama, q\u00eb \u00ebsht\u00eb ende Kryeminist\u00ebr.<\/p>\n<p><em><strong>Tupe:<\/strong>\u00a0Nj\u00eb sindrom\u00eb \u00ebsht\u00eb nj\u00eb keq\u00ebnie, rezultat i nj\u00eb grumbulli anomalish, simptomash, shenjash q\u00eb p\u00ebrhapen n\u00eb t\u00eb gjith\u00eb organizmin. Politikani m\u00eb i prekur nga sindrom\u00eb \u00ebsht\u00eb Edi Rama ende kryeminist\u00ebr.<\/em><\/p>\n<p>P\u00ebr ta b\u00ebr\u00eb m\u00eb konkrete, Tupe citoi 7 simptomat e Hubris t\u00eb cilat ai i gjen t\u00eb m\u00ebshiruara te Rama.<\/p>\n<p><strong>1.<\/strong>Besim tejet i tepruar te gjykimi yt plus p\u00ebrbuzje ndaj k\u00ebshillave dhe kritikave t\u00eb tjer\u00ebve, Rama shk\u00eblqen\u00a0 n\u00eb k\u00ebt\u00eb pik\u00eb.<\/p>\n<p><strong>2.<\/strong>Prirje narcisike p\u00ebr ta konsideruar bot\u00ebn si nj\u00eb aren\u00eb ku t\u00eb ushtrosh pushtetin t\u00ebnd p\u00ebr t\u2019u mbuluar me lavdi, ky \u00ebsht\u00eb zoti Rama, ende kryeminist\u00ebr.<\/p>\n<p><strong> 3.<\/strong>Joshje e tejskajshme nga imazhi dhe pamja e jashtme si dhe prirje p\u00ebr t\u00eb nd\u00ebrmarr\u00eb veprime q\u00eb mund t\u00eb ta zbukurojn\u00eb imazhin vetjak.<\/p>\n<ol start=\"4\">\n<li>Shk\u00ebputje nga realiteti, ngrihesh n\u00eb hava dhe shkon deri n\u00eb Surrel, shpesh kjo shk\u00ebputje e lidhur n\u00eb m\u00ebnyr\u00eb progresive dora-dor\u00ebs n\u00eb vet\u00ebvete.<\/li>\n<li>Prirje p\u00ebr t\u2019i dh\u00ebn\u00eb s\u00eb tep\u00ebrmi r\u00ebnd\u00ebsi vizionit t\u00ebnd, zgjedhjeve t\u00eb tua, \u00e7\u2019ka t\u00eb pengon t\u2019u kushtosh v\u00ebmendje aspekteve praktike, jet\u00ebsore, ose t\u00eb pengon t\u00eb vler\u00ebsosh kostot dhe pasiojat e di\u00e7kaje.<\/li>\n<\/ol>\n<p><strong>6.<\/strong>Besimi se n\u00eb vend q\u00eb t\u00eb ndihesh p\u00ebrgjegj\u00ebs para opinionit publik ose para koleg\u00ebve t\u00eb tu e vetmja gjykat\u00eb para s\u00eb cil\u00ebs ti pranon t\u00eb jap\u00ebsh p\u00ebrgjegj\u00ebsi \u00ebsht\u00eb Historia.<\/p>\n<ol start=\"7\">\n<li>Nj\u00eb m\u00ebnyr\u00eb profetike p\u00ebr t\u2019i trajtuar pun\u00ebt e p\u00ebrditshme si dhe prirje e ekzaltuar.<\/li>\n<\/ol>\n<p>Por nd\u00ebrsa p\u00ebr pandemin\u00eb kemi tashm\u00eb n\u00eb gjendje disa vaksina, Tupe thot\u00eb se p\u00ebr Hubris ka vet\u00ebm nj\u00eb ila\u00e7, t\u00eb hiqesh nga pushteti.<\/p>\n<p><em><strong>Tupe:<\/strong>\u00a0K\u00ebta nuk kan\u00eb mosh\u00eb, pandehin se jan\u00eb t\u00eb pavdeksh\u00ebm. Ekziston nj\u00eb p\u00ebrbind\u00ebsh t\u00eb cilin ne e d\u00ebnojm\u00eb por q\u00eb mund t\u00eb na magjeps\u00eb, t\u00eb na fut\u00eb trut\u00eb e gomarit, ky \u00ebsht\u00eb p\u00ebrbind\u00ebshi q\u00eb b\u00ebn k\u00ebrdin\u00eb n\u00eb fush\u00ebn e politik\u00ebs. P\u00ebrbind\u00ebshi q\u00eb nuk pranon t\u00eb ket\u00eb kufij n\u00eb t\u00eb ushtruarit e pushtetit, ne p\u00ebrsh\u00ebndesim disfat\u00ebn e tij dhe kjo disfat\u00eb duhet t\u00eb vij\u00eb patjet\u00ebr n\u00eb 25 prill se k\u00ebshtu nuk vazhdohet.<\/em><\/p>\n<p>&nbsp;<\/p>\n","protected":false},"excerpt":{"rendered":"<p>Profesori dhe\u00a0p\u00ebrkthyesi si dhe autori i disa librave, Edmond Tupe, na shfokusoi pak nga pandemia duke na folur p\u00ebr \u00a0sindrom\u00ebn e Hubris, s\u00ebmundja q\u00eb prek kryepushtetar\u00ebt dhe kryeqeveritar\u00ebt, duke e lidhur pak edhe me situat\u00ebn zgjedhore. Tupe, ishte i ftuar n\u00eb Rtv Ora, ku u shpreh se nga kjo sindrom\u00eb, n\u00eb mesin e politikan\u00ebve shqiptar\u00eb, [&hellip;]<\/p>\n","protected":false},"author":2016,"featured_media":174180,"comment_status":"closed","ping_status":"closed","sticky":false,"template":"","format":"standard","meta":{"footnotes":""},"categories":[241],"tags":[2082],"class_list":{"0":"post-174178","1":"post","2":"type-post","3":"status-publish","4":"format-standard","5":"has-post-thumbnail","7":"category-aktualitet","8":"tag-lajme-zjarr-tupe-rama-i-prekur-nga-hubris-zjarr-tv"},"_links":{"self":[{"href":"https:\/\/zjarr.tv\/sq\/wp-json\/wp\/v2\/posts\/174178","targetHints":{"allow":["GET"]}}],"collection":[{"href":"https:\/\/zjarr.tv\/sq\/wp-json\/wp\/v2\/posts"}],"about":[{"href":"https:\/\/zjarr.tv\/sq\/wp-json\/wp\/v2\/types\/post"}],"author":[{"embeddable":true,"href":"https:\/\/zjarr.tv\/sq\/wp-json\/wp\/v2\/users\/2016"}],"replies":[{"embeddable":true,"href":"https:\/\/zjarr.tv\/sq\/wp-json\/wp\/v2\/comments?post=174178"}],"version-history":[{"count":0,"href":"https:\/\/zjarr.tv\/sq\/wp-json\/wp\/v2\/posts\/174178\/revisions"}],"wp:featuredmedia":[{"embeddable":true,"href":"https:\/\/zjarr.tv\/sq\/wp-json\/wp\/v2\/media\/174180"}],"wp:attachment":[{"href":"https:\/\/zjarr.tv\/sq\/wp-json\/wp\/v2\/media?parent=174178"}],"wp:term":[{"taxonomy":"category","embeddable":true,"href":"https:\/\/zjarr.tv\/sq\/wp-json\/wp\/v2\/categories?post=174178"},{"taxonomy":"post_tag","embeddable":true,"href":"https:\/\/zjarr.tv\/sq\/wp-json\/wp\/v2\/tags?post=174178"}],"curies":[{"name":"wp","href":"https:\/\/api.w.org\/{rel}","templated":true}]}}