{"id":174187,"date":"2021-04-03T09:06:40","date_gmt":"2021-04-03T07:06:40","guid":{"rendered":"https:\/\/zjarr.tv\/?p=174187"},"modified":"2021-04-03T09:07:48","modified_gmt":"2021-04-03T07:07:48","slug":"erion-veliaj-dua-dhe-nje-mandat-tjeter-te-coj-punet-deri-ne-fund-gjeja-qe-me-zgjon-ne-mengjes-eshte-cfare-mund-te-bej-me-shume-per-keta-njerez","status":"publish","type":"post","link":"https:\/\/zjarr.tv\/sq\/erion-veliaj-dua-dhe-nje-mandat-tjeter-te-coj-punet-deri-ne-fund-gjeja-qe-me-zgjon-ne-mengjes-eshte-cfare-mund-te-bej-me-shume-per-keta-njerez\/","title":{"rendered":"Erion Veliaj: Dua dhe nj\u00eb mandat tjet\u00ebr t\u00eb \u00e7oj pun\u00ebt deri n\u00eb fund, gj\u00ebja q\u00eb m\u00eb zgjon n\u00eb m\u00ebngjes \u00ebsht\u00eb \u00e7far\u00eb mund t\u00eb b\u00ebj m\u00eb shum\u00eb p\u00ebr k\u00ebta njer\u00ebz\u2026"},"content":{"rendered":"<p>Kryebashkiaku Erion Veliaj, gjat\u00eb nj\u00eb interviste p\u00eb Vizion Plus, u pyet nga gazetari Alban Dudushi, se edhe sa mandate do t\u00eb ishte kryetar bashkie, Veliaj u shpreh se; edhe nj\u00eb mandat sepse sipas tij e thot\u00eb ligji, sepse pun\u00ebn time e b\u00ebj me shum\u00eb pasion dhe dua t\u00eb \u00e7oj pun\u00ebt deri n\u00eb fund. Nd\u00ebr t\u00eb tjera, kryebashkiaku Veliaj, tha se gj\u00ebja q\u00eb m\u00eb zgjon n\u00eb m\u00ebngjes, \u00ebsht\u00eb se \u00e7far\u00eb mund t\u00eb b\u00ebj m\u00eb tep\u00ebr, p\u00ebr k\u00ebta njer\u00ebz, tha Veliaj.<\/p>\n<p><em>\u201cE thot\u00eb ligji edhe nj\u00eb madat, n\u00ebse qytet m\u00eb jep bekimin dhe privilegjin, un\u00eb do ta b\u00ebj me shum\u00eb pasion, sepse do une t\u00eb \u00e7oj pun\u00ebt n\u00eb fund, un\u00eb do ta b\u00ebj me shum\u00eb k\u00ebnaq\u00ebsi. \u00cbsht\u00eb gj\u00ebja q\u00eb b\u00ebj m\u00eb shum\u00eb passion dhe gj\u00ebja q\u00eb m\u00eb zgjon n\u00eb m\u00ebngj\u00ebs, \u00ebsht\u00eb \u00e7far\u00eb mund t\u00eb b\u00ebj m\u00eb shum\u00eb p\u00ebr k\u00ebt\u00eb komunitet\u201d, <\/em>k\u00ebshtu u shpreh Erion Veliaj.<\/p>\n","protected":false},"excerpt":{"rendered":"<p>Kryebashkiaku Erion Veliaj, gjat\u00eb nj\u00eb interviste p\u00eb Vizion Plus, u pyet nga gazetari Alban Dudushi, se edhe sa mandate do t\u00eb ishte kryetar bashkie, Veliaj u shpreh se; edhe nj\u00eb mandat sepse sipas tij e thot\u00eb ligji, sepse pun\u00ebn time e b\u00ebj me shum\u00eb pasion dhe dua t\u00eb \u00e7oj pun\u00ebt deri n\u00eb fund. Nd\u00ebr t\u00eb [&hellip;]<\/p>\n","protected":false},"author":2016,"featured_media":174189,"comment_status":"closed","ping_status":"closed","sticky":false,"template":"","format":"standard","meta":{"footnotes":""},"categories":[241,1454],"tags":[2084],"class_list":{"0":"post-174187","1":"post","2":"type-post","3":"status-publish","4":"format-standard","5":"has-post-thumbnail","7":"category-aktualitet","8":"category-politike","9":"tag-lajme-zjarr-veliaj-dua-dhe-nje-mandat-tjeter-zjarr-tv"},"_links":{"self":[{"href":"https:\/\/zjarr.tv\/sq\/wp-json\/wp\/v2\/posts\/174187","targetHints":{"allow":["GET"]}}],"collection":[{"href":"https:\/\/zjarr.tv\/sq\/wp-json\/wp\/v2\/posts"}],"about":[{"href":"https:\/\/zjarr.tv\/sq\/wp-json\/wp\/v2\/types\/post"}],"author":[{"embeddable":true,"href":"https:\/\/zjarr.tv\/sq\/wp-json\/wp\/v2\/users\/2016"}],"replies":[{"embeddable":true,"href":"https:\/\/zjarr.tv\/sq\/wp-json\/wp\/v2\/comments?post=174187"}],"version-history":[{"count":0,"href":"https:\/\/zjarr.tv\/sq\/wp-json\/wp\/v2\/posts\/174187\/revisions"}],"wp:featuredmedia":[{"embeddable":true,"href":"https:\/\/zjarr.tv\/sq\/wp-json\/wp\/v2\/media\/174189"}],"wp:attachment":[{"href":"https:\/\/zjarr.tv\/sq\/wp-json\/wp\/v2\/media?parent=174187"}],"wp:term":[{"taxonomy":"category","embeddable":true,"href":"https:\/\/zjarr.tv\/sq\/wp-json\/wp\/v2\/categories?post=174187"},{"taxonomy":"post_tag","embeddable":true,"href":"https:\/\/zjarr.tv\/sq\/wp-json\/wp\/v2\/tags?post=174187"}],"curies":[{"name":"wp","href":"https:\/\/api.w.org\/{rel}","templated":true}]}}