{"id":174190,"date":"2021-04-03T09:20:04","date_gmt":"2021-04-03T07:20:04","guid":{"rendered":"https:\/\/zjarr.tv\/?p=174190"},"modified":"2021-04-03T09:21:01","modified_gmt":"2021-04-03T07:21:01","slug":"erion-veliaj-me-taksat-per-lejet-e-ndertimit-ndertojme-shkolla-dhe-kopshte","status":"publish","type":"post","link":"https:\/\/zjarr.tv\/sq\/erion-veliaj-me-taksat-per-lejet-e-ndertimit-ndertojme-shkolla-dhe-kopshte\/","title":{"rendered":"Erion Veliaj: Me taksat p\u00ebr lejet e nd\u00ebrtimit, nd\u00ebrtojm\u00eb shkolla dhe kopshte\u2026"},"content":{"rendered":"<p>Erion Veliaj, sa u p\u00ebrket lejeve t\u00eb nd\u00ebrtimit, e sheh aspektin pozitiv.<\/p>\n<p>Gjat\u00eb nj\u00eb interviste, Veliaj foli dhe p\u00ebr Zgjedhje e 25 Prillit, ku deklaroi se p\u00ebr \u00e7do leje nd\u00ebrtimi vilet nj\u00eb taks\u00eb, me t\u00eb cil\u00ebn m\u00eb pas nd\u00ebrtohen kopshte dhe shkolla, e q\u00eb b\u00ebhen sh\u00ebrbime t\u00eb mira p\u00ebr qytetin. Sipas tij, n\u00eb k\u00ebt\u00eb m\u00ebnyr\u00eb fitojn\u00eb t\u00eb gjith\u00eb.<\/p>\n<p>P\u00ebr faktin q\u00eb jepen shum\u00eb leje nd\u00ebrtimi, kryebashkiaku i Tiran\u00ebs, p\u00ebrdori si argument sqarues se \u00e7do vit vijn\u00eb mij\u00ebra qytetar\u00eb, p\u00ebr t\u00eb jetuar n\u00eb kryeqytet dhe nuk ka vend mjaftuesh\u00ebm p\u00ebr t\u2019i pritur ata.<\/p>\n<p>\u201c<em>Shumica e lejeve t\u00eb nd\u00ebrtimit jan\u00eb t\u00eb bashkis\u00eb, p\u00ebr shkolla e projekte t\u00eb tjera. Edhe ti n\u00eb pallat jeton, jo posht\u00eb nj\u00eb ure. T\u00eb mos b\u00ebhemi racist p\u00ebr dik\u00eb q\u00eb vjen n\u00eb Tiran\u00eb. Sot Tirana ka n\u00eb minimum apartamente bosh. <\/em><\/p>\n<p><em>\u00c7do vit shtohen 25 mij\u00eb veta. M\u00eb thuaj nj\u00eb vend q\u00eb ka dal\u00eb n\u00eb shitje dhe nuk \u00ebsht\u00eb shitur. Kam dhjet\u00ebfishuar taks\u00ebn e nd\u00ebrtimit. <\/em><\/p>\n<p><em>Oligark\u00ebve u ngel mendja dhe lek\u00ebt te taksa. M\u00eb mir\u00eb t\u00eb japim leje dhe t\u00eb b\u00ebjm\u00eb gj\u00ebra p\u00ebr t\u00eb cilat paguhet taks\u00eb dhe t\u00eb b\u00ebjm\u00eb kopshte dhe shkolla p\u00ebr f\u00ebmij\u00ebt. <\/em><\/p>\n<p><em>Sot sistemi \u00ebsht\u00eb b\u00ebr\u00eb m\u00eb transparent sepse taksat paguhen n\u00eb bank\u00eb. Kush ka para t\u00eb pista, nuk i \u00e7on n\u00eb bank\u00eb. Kan\u00eb ikur nga tregu spekulant\u00ebt q\u00eb vinin me \u00e7anta me cash se njihnin kunatin. Taksa paguhet p\u00ebrpara se t\u00eb b\u00ebhet nd\u00ebrtimi, fitojn\u00eb ata, fiton qyteti. Biznemen\u00ebt e m\u00ebdhenj po thon\u00eb q\u00eb v\u00ebrtet\u00eb po paguajm\u00eb m\u00eb shum\u00eb, por qyteti \u00ebsht\u00eb b\u00ebr\u00eb m\u00eb i mire<\/em>\u201d, u shpreh Veliaj.<\/p>\n<p>&nbsp;<\/p>\n","protected":false},"excerpt":{"rendered":"<p>Erion Veliaj, sa u p\u00ebrket lejeve t\u00eb nd\u00ebrtimit, e sheh aspektin pozitiv. Gjat\u00eb nj\u00eb interviste, Veliaj foli dhe p\u00ebr Zgjedhje e 25 Prillit, ku deklaroi se p\u00ebr \u00e7do leje nd\u00ebrtimi vilet nj\u00eb taks\u00eb, me t\u00eb cil\u00ebn m\u00eb pas nd\u00ebrtohen kopshte dhe shkolla, e q\u00eb b\u00ebhen sh\u00ebrbime t\u00eb mira p\u00ebr qytetin. Sipas tij, n\u00eb k\u00ebt\u00eb m\u00ebnyr\u00eb [&hellip;]<\/p>\n","protected":false},"author":2016,"featured_media":174192,"comment_status":"closed","ping_status":"closed","sticky":false,"template":"","format":"standard","meta":{"footnotes":""},"categories":[241],"tags":[2085],"class_list":{"0":"post-174190","1":"post","2":"type-post","3":"status-publish","4":"format-standard","5":"has-post-thumbnail","7":"category-aktualitet","8":"tag-lajme-zjarr-veliaj-me-taksat-ndertojme-shkolla-zjarr-tv"},"_links":{"self":[{"href":"https:\/\/zjarr.tv\/sq\/wp-json\/wp\/v2\/posts\/174190","targetHints":{"allow":["GET"]}}],"collection":[{"href":"https:\/\/zjarr.tv\/sq\/wp-json\/wp\/v2\/posts"}],"about":[{"href":"https:\/\/zjarr.tv\/sq\/wp-json\/wp\/v2\/types\/post"}],"author":[{"embeddable":true,"href":"https:\/\/zjarr.tv\/sq\/wp-json\/wp\/v2\/users\/2016"}],"replies":[{"embeddable":true,"href":"https:\/\/zjarr.tv\/sq\/wp-json\/wp\/v2\/comments?post=174190"}],"version-history":[{"count":0,"href":"https:\/\/zjarr.tv\/sq\/wp-json\/wp\/v2\/posts\/174190\/revisions"}],"wp:featuredmedia":[{"embeddable":true,"href":"https:\/\/zjarr.tv\/sq\/wp-json\/wp\/v2\/media\/174192"}],"wp:attachment":[{"href":"https:\/\/zjarr.tv\/sq\/wp-json\/wp\/v2\/media?parent=174190"}],"wp:term":[{"taxonomy":"category","embeddable":true,"href":"https:\/\/zjarr.tv\/sq\/wp-json\/wp\/v2\/categories?post=174190"},{"taxonomy":"post_tag","embeddable":true,"href":"https:\/\/zjarr.tv\/sq\/wp-json\/wp\/v2\/tags?post=174190"}],"curies":[{"name":"wp","href":"https:\/\/api.w.org\/{rel}","templated":true}]}}