{"id":174215,"date":"2021-04-03T10:59:23","date_gmt":"2021-04-03T08:59:23","guid":{"rendered":"https:\/\/zjarr.tv\/?p=174215"},"modified":"2021-04-03T11:00:12","modified_gmt":"2021-04-03T09:00:12","slug":"edi-rama-filmon-veten-ne-makine-me-dua-lipen-per-ne-fier","status":"publish","type":"post","link":"https:\/\/zjarr.tv\/sq\/edi-rama-filmon-veten-ne-makine-me-dua-lipen-per-ne-fier\/","title":{"rendered":"Edi Rama filmon veten n\u00eb makin\u00eb: Me Dua Lip\u00ebn p\u00ebr n\u00eb Fier\u2026"},"content":{"rendered":"<p>Sot, Kryeministri Rama ka postuar nj\u00eb video n\u00eb rrjetet sociale, ku shfaqet n\u00eb makin\u00eb duke d\u00ebgjuar k\u00ebng\u00ebtaren shqiptare Dua Lipa.<\/p>\n<p>Rama thot\u00eb se \u00ebsht\u00eb nisur n\u00eb drejtim t\u00eb Fierit, duke d\u00ebgjuar n\u00eb sfond k\u00ebng\u00ebtaren me origjin\u00eb shqiptare, e cila prej koh\u00ebsh \u00ebsht\u00eb n\u00eb qend\u00ebr t\u00eb v\u00ebmendjes s\u00eb mediave nd\u00ebrkomb\u00ebtare me sukseset e saj.<\/p>\n<p>\u201cMe Dua Lip\u00ebn p\u00ebr n\u00eb Fier\u201d, shkruan Rama n\u00eb postimin e tij n\u00eb rrjetet sociale.<\/p>\n<p>Kryeministri duket se i b\u00ebn nj\u00eb \u201cdiss\u201d dhe kund\u00ebshtarit t\u00eb tij Lulzim Basha, q\u00eb n\u00eb zgjedhjet e Prillit ka vendosur q\u00eb t\u00eb shkoj\u00eb me kolon\u00ebn zanore t\u00eb Sia-s \u201cI pandalshmi\u201d.<\/p>\n","protected":false},"excerpt":{"rendered":"<p>Sot, Kryeministri Rama ka postuar nj\u00eb video n\u00eb rrjetet sociale, ku shfaqet n\u00eb makin\u00eb duke d\u00ebgjuar k\u00ebng\u00ebtaren shqiptare Dua Lipa. Rama thot\u00eb se \u00ebsht\u00eb nisur n\u00eb drejtim t\u00eb Fierit, duke d\u00ebgjuar n\u00eb sfond k\u00ebng\u00ebtaren me origjin\u00eb shqiptare, e cila prej koh\u00ebsh \u00ebsht\u00eb n\u00eb qend\u00ebr t\u00eb v\u00ebmendjes s\u00eb mediave nd\u00ebrkomb\u00ebtare me sukseset e saj. \u201cMe Dua [&hellip;]<\/p>\n","protected":false},"author":2016,"featured_media":174217,"comment_status":"closed","ping_status":"closed","sticky":false,"template":"","format":"standard","meta":{"footnotes":""},"categories":[241],"tags":[2091],"class_list":{"0":"post-174215","1":"post","2":"type-post","3":"status-publish","4":"format-standard","5":"has-post-thumbnail","7":"category-aktualitet","8":"tag-lajme-zjarr-rama-filmon-veten-ne-makine-zjarr-tv"},"_links":{"self":[{"href":"https:\/\/zjarr.tv\/sq\/wp-json\/wp\/v2\/posts\/174215","targetHints":{"allow":["GET"]}}],"collection":[{"href":"https:\/\/zjarr.tv\/sq\/wp-json\/wp\/v2\/posts"}],"about":[{"href":"https:\/\/zjarr.tv\/sq\/wp-json\/wp\/v2\/types\/post"}],"author":[{"embeddable":true,"href":"https:\/\/zjarr.tv\/sq\/wp-json\/wp\/v2\/users\/2016"}],"replies":[{"embeddable":true,"href":"https:\/\/zjarr.tv\/sq\/wp-json\/wp\/v2\/comments?post=174215"}],"version-history":[{"count":0,"href":"https:\/\/zjarr.tv\/sq\/wp-json\/wp\/v2\/posts\/174215\/revisions"}],"wp:featuredmedia":[{"embeddable":true,"href":"https:\/\/zjarr.tv\/sq\/wp-json\/wp\/v2\/media\/174217"}],"wp:attachment":[{"href":"https:\/\/zjarr.tv\/sq\/wp-json\/wp\/v2\/media?parent=174215"}],"wp:term":[{"taxonomy":"category","embeddable":true,"href":"https:\/\/zjarr.tv\/sq\/wp-json\/wp\/v2\/categories?post=174215"},{"taxonomy":"post_tag","embeddable":true,"href":"https:\/\/zjarr.tv\/sq\/wp-json\/wp\/v2\/tags?post=174215"}],"curies":[{"name":"wp","href":"https:\/\/api.w.org\/{rel}","templated":true}]}}