{"id":174219,"date":"2021-04-03T11:14:18","date_gmt":"2021-04-03T09:14:18","guid":{"rendered":"https:\/\/zjarr.tv\/?p=174219"},"modified":"2021-04-03T11:17:19","modified_gmt":"2021-04-03T09:17:19","slug":"monika-kryemadhi-lsi-force-e-pare-ne-fier-prej-guximit-te-vajzave-dhe-grave","status":"publish","type":"post","link":"https:\/\/zjarr.tv\/sq\/monika-kryemadhi-lsi-force-e-pare-ne-fier-prej-guximit-te-vajzave-dhe-grave\/","title":{"rendered":"Monika Kryemadhi: LSI, forc\u00eb e par\u00eb n\u00eb Fier prej guximit t\u00eb vajzave dhe grave\u2026"},"content":{"rendered":"<p>Kryetarja e LSI, Monika Kryemadhi, nj\u00eb dit\u00eb pas takimit mbres\u00ebl\u00ebn\u00ebs n\u00eb qytetin e Fierit me gra dhe vajza, me an\u00eb t\u00eb nj\u00eb postimi n\u00eb llogarin\u00eb\u00a0 e saj n\u00eb Facebook, ka shprehur bindjen e fort\u00eb se LSI-ja, \u00ebsht\u00eb forc\u00eb e par\u00eb n\u00eb Fier fal\u00eb\u00a0mb\u00ebshtetjes\u00a0nga k\u00ebto zonja.<\/p>\n<p>\u201c<em>LSI \u00ebsht\u00eb forc\u00eb e par\u00eb n\u00eb Fier prej forc\u00ebs s\u00eb guximit t\u00eb vajzave dhe grave q\u00eb i jan\u00eb bashkuar misionit &#8220;Shqip\u00ebria, sht\u00ebpia juaj juaj<\/em>&#8221;\u00a0\u2013 k\u00ebshtu shkruan Monika Kryemadhi.<\/p>\n<p>&nbsp;<\/p>\n","protected":false},"excerpt":{"rendered":"<p>Kryetarja e LSI, Monika Kryemadhi, nj\u00eb dit\u00eb pas takimit mbres\u00ebl\u00ebn\u00ebs n\u00eb qytetin e Fierit me gra dhe vajza, me an\u00eb t\u00eb nj\u00eb postimi n\u00eb llogarin\u00eb\u00a0 e saj n\u00eb Facebook, ka shprehur bindjen e fort\u00eb se LSI-ja, \u00ebsht\u00eb forc\u00eb e par\u00eb n\u00eb Fier fal\u00eb\u00a0mb\u00ebshtetjes\u00a0nga k\u00ebto zonja. \u201cLSI \u00ebsht\u00eb forc\u00eb e par\u00eb n\u00eb Fier prej forc\u00ebs s\u00eb [&hellip;]<\/p>\n","protected":false},"author":2016,"featured_media":174221,"comment_status":"closed","ping_status":"closed","sticky":false,"template":"","format":"standard","meta":{"footnotes":""},"categories":[241,1454],"tags":[2092],"class_list":{"0":"post-174219","1":"post","2":"type-post","3":"status-publish","4":"format-standard","5":"has-post-thumbnail","7":"category-aktualitet","8":"category-politike","9":"tag-lajme-zjarr-kryemadhi-lsi-force-e-pare-ne-fier-prej-guximit-grave-zjarr-tv"},"_links":{"self":[{"href":"https:\/\/zjarr.tv\/sq\/wp-json\/wp\/v2\/posts\/174219","targetHints":{"allow":["GET"]}}],"collection":[{"href":"https:\/\/zjarr.tv\/sq\/wp-json\/wp\/v2\/posts"}],"about":[{"href":"https:\/\/zjarr.tv\/sq\/wp-json\/wp\/v2\/types\/post"}],"author":[{"embeddable":true,"href":"https:\/\/zjarr.tv\/sq\/wp-json\/wp\/v2\/users\/2016"}],"replies":[{"embeddable":true,"href":"https:\/\/zjarr.tv\/sq\/wp-json\/wp\/v2\/comments?post=174219"}],"version-history":[{"count":0,"href":"https:\/\/zjarr.tv\/sq\/wp-json\/wp\/v2\/posts\/174219\/revisions"}],"wp:featuredmedia":[{"embeddable":true,"href":"https:\/\/zjarr.tv\/sq\/wp-json\/wp\/v2\/media\/174221"}],"wp:attachment":[{"href":"https:\/\/zjarr.tv\/sq\/wp-json\/wp\/v2\/media?parent=174219"}],"wp:term":[{"taxonomy":"category","embeddable":true,"href":"https:\/\/zjarr.tv\/sq\/wp-json\/wp\/v2\/categories?post=174219"},{"taxonomy":"post_tag","embeddable":true,"href":"https:\/\/zjarr.tv\/sq\/wp-json\/wp\/v2\/tags?post=174219"}],"curies":[{"name":"wp","href":"https:\/\/api.w.org\/{rel}","templated":true}]}}