{"id":174443,"date":"2021-04-05T10:32:47","date_gmt":"2021-04-05T08:32:47","guid":{"rendered":"https:\/\/zjarr.tv\/?p=174443"},"modified":"2021-04-05T10:39:45","modified_gmt":"2021-04-05T08:39:45","slug":"lulzim-basha-ne-kabinetin-tim-nuk-do-te-kete-anetare-qe-kane","status":"publish","type":"post","link":"https:\/\/zjarr.tv\/sq\/lulzim-basha-ne-kabinetin-tim-nuk-do-te-kete-anetare-qe-kane\/","title":{"rendered":"Lulzim Basha: N\u00eb kabinetin tim nuk do t\u00eb ket\u00eb an\u00ebtar\u00eb q\u00eb kan\u00eb qen\u00eb m\u00eb par\u00eb\u2026"},"content":{"rendered":"<p>Kryedemokrati Lulzim Basha, gjat\u00eb nj\u00eb interviste t\u00eb dh\u00ebn\u00eb m\u00ebngjesin e sot\u00ebm n\u00eb emisionin \u2018Koha p\u00ebr tu zgjuar\u2019, foli n\u00eb lidhje me p\u00ebrb\u00ebrjen e kabinetit t\u00eb tij n\u00eb momentin q\u00eb do t\u00eb vij\u00eb n\u00eb pushtet.<\/p>\n<p>Basha i ka shuar shpresat t\u00eb gjith\u00eb veteran\u00ebve t\u00eb Partis\u00eb Demokratike, duke deklaruar se kabineti i tij i ardhsh\u00ebm qeveritar, nuk do t\u00eb ket\u00eb an\u00ebtar\u00eb q\u00eb kan\u00eb sh\u00ebrbyer n\u00eb poste ministrale n\u00eb t\u00eb kaluar\u00ebn.<\/p>\n<p>\u201c<em>Normal q\u00eb jo. Uji rrjedh. N\u00eb qeverisjen time nuk do ket\u00eb an\u00ebtar\u00eb t\u00eb kabinetit q\u00eb kan\u00eb sh\u00ebrbyer n\u00eb t\u00eb kaluar\u00ebn. Por do ket\u00eb an\u00ebtar\u00eb q\u00eb do jen\u00eb n\u00eb gjendje t\u00eb mbajn\u00eb pesh\u00ebn e qeveris\u00eb.<\/em><\/p>\n<p><em>Kabineti do p\u00ebrb\u00ebhet nga zonja dhe zot\u00ebrinjt\u00eb spikatur, t\u00eb cil\u00ebt do t\u00eb b\u00ebjn\u00eb t\u00eb mundur krijimin e nj\u00eb kulture t\u00eb re polikte. Si\u00e7 na takon, sepse jemi nj\u00eb brez i ri. E kemi njohur nga af\u00ebr avantazhin e t\u00eb b\u00ebrit politik\u00eb n\u00eb Europ\u00eb\u201d,<\/em> u shpreh Lulzim Basha.<\/p>\n<p><em>\u00a0<\/em><\/p>\n","protected":false},"excerpt":{"rendered":"<p>Kryedemokrati Lulzim Basha, gjat\u00eb nj\u00eb interviste t\u00eb dh\u00ebn\u00eb m\u00ebngjesin e sot\u00ebm n\u00eb emisionin \u2018Koha p\u00ebr tu zgjuar\u2019, foli n\u00eb lidhje me p\u00ebrb\u00ebrjen e kabinetit t\u00eb tij n\u00eb momentin q\u00eb do t\u00eb vij\u00eb n\u00eb pushtet. Basha i ka shuar shpresat t\u00eb gjith\u00eb veteran\u00ebve t\u00eb Partis\u00eb Demokratike, duke deklaruar se kabineti i tij i ardhsh\u00ebm qeveritar, nuk [&hellip;]<\/p>\n","protected":false},"author":2016,"featured_media":174445,"comment_status":"closed","ping_status":"closed","sticky":false,"template":"","format":"standard","meta":{"footnotes":""},"categories":[241],"tags":[2109],"class_list":{"0":"post-174443","1":"post","2":"type-post","3":"status-publish","4":"format-standard","5":"has-post-thumbnail","7":"category-aktualitet","8":"tag-lajme-zjarr-flet-kreu-demokrat-lulzim-basha-zjarr-tv"},"_links":{"self":[{"href":"https:\/\/zjarr.tv\/sq\/wp-json\/wp\/v2\/posts\/174443","targetHints":{"allow":["GET"]}}],"collection":[{"href":"https:\/\/zjarr.tv\/sq\/wp-json\/wp\/v2\/posts"}],"about":[{"href":"https:\/\/zjarr.tv\/sq\/wp-json\/wp\/v2\/types\/post"}],"author":[{"embeddable":true,"href":"https:\/\/zjarr.tv\/sq\/wp-json\/wp\/v2\/users\/2016"}],"replies":[{"embeddable":true,"href":"https:\/\/zjarr.tv\/sq\/wp-json\/wp\/v2\/comments?post=174443"}],"version-history":[{"count":0,"href":"https:\/\/zjarr.tv\/sq\/wp-json\/wp\/v2\/posts\/174443\/revisions"}],"wp:featuredmedia":[{"embeddable":true,"href":"https:\/\/zjarr.tv\/sq\/wp-json\/wp\/v2\/media\/174445"}],"wp:attachment":[{"href":"https:\/\/zjarr.tv\/sq\/wp-json\/wp\/v2\/media?parent=174443"}],"wp:term":[{"taxonomy":"category","embeddable":true,"href":"https:\/\/zjarr.tv\/sq\/wp-json\/wp\/v2\/categories?post=174443"},{"taxonomy":"post_tag","embeddable":true,"href":"https:\/\/zjarr.tv\/sq\/wp-json\/wp\/v2\/tags?post=174443"}],"curies":[{"name":"wp","href":"https:\/\/api.w.org\/{rel}","templated":true}]}}