{"id":176155,"date":"2021-04-07T15:15:14","date_gmt":"2021-04-07T13:15:14","guid":{"rendered":"https:\/\/zjarr.tv\/?p=176155"},"modified":"2021-04-07T15:15:14","modified_gmt":"2021-04-07T13:15:14","slug":"pasi-i-quajten-sabotatore-reagojne-kontrolloret-ajrore-ska-klauzole-qe-mund-te-na-coje-ne-gjyq","status":"publish","type":"post","link":"https:\/\/zjarr.tv\/sq\/pasi-i-quajten-sabotatore-reagojne-kontrolloret-ajrore-ska-klauzole-qe-mund-te-na-coje-ne-gjyq\/","title":{"rendered":"Pasi i quajt\u00ebn sabotator\u00eb, reagojn\u00eb kontrollor\u00ebt ajror\u00eb: S\u2019ka klauzol\u00eb q\u00eb mund t\u00eb na \u00e7oj\u00eb n\u00eb gjyq"},"content":{"rendered":"<p>Teksa qeveria dhe ministrja Belinda Balluku i ka quajtur kontrollor\u00ebt e Albcontroll sabotator\u00eb dhe persona q\u00eb po tentojn\u00eb t\u00eb b\u00ebjn\u00eb grusht shteti, ka ardhur dhe reagimi i tyre.<\/p>\n<p>P\u00ebrmes avokatit Rezart Tupi u tha se gjendja e stresit ndaj kontrollor\u00ebve \u00ebsht\u00eb krijuar p\u00ebr shkak t\u00eb pushimit nga puna t\u00eb dy prej tyre, si dhe p\u00ebr shkak t\u00eb uljes s\u00eb pag\u00ebs n\u00eb m\u00ebnyr\u00eb drastike q\u00eb vijon prej Marsit t\u00eb kaluar, mre pretekstin e pandemis\u00eb, n\u00eb nj\u00eb koh\u00eb kur far\u00eb mir\u00eb kompania mund t\u00eb merrte kredi p\u00ebr shlyerjen e detyrimeve t\u00eb tyre.<\/p>\n<p>Rezart Tupi, avokat i kontrollor\u00ebve:<\/p>\n<p>E kemi th\u00ebn\u00eb q\u00eb n\u00eb fillim q\u00eb kjo nuk \u00ebsht\u00eb nj\u00eb grev\u00eb, \u00ebsht\u00eb nj\u00eb detyrim ligjor, n\u00eb kushtet kur kontrollor\u00ebt ajror\u00eb, ndihet t\u00eb paaft\u00eb dhe t\u00eb stresuar, ata liogj\u00ebrisht duhet t\u00eb japin dor\u00ebheqjen. E kemi th\u00ebn\u00eb se pse ata nuk jan\u00eb t\u00eb qet\u00eb n\u00eb pun\u00ebn e tyre, pasi dy prej punonj\u00ebsve q\u00eb shpall\u00ebn paaft\u00ebsin\u00eb e p\u00ebrkohshme, nis\u00ebn procedur\u00ebn e shkarkimit.<\/p>\n<p>Nuk ka t\u00eb b\u00ebj\u00eb vet\u00ebm me pag\u00ebn. Nuk jemi n\u00eb kushtet e braktisjes s\u00eb pun\u00ebs, ata shkojn\u00eb n\u00eb pun\u00eb, por nuk b\u00ebjn\u00eb funksionin e tyre. Ata nuk e kan\u00eb braktisur vendin e tyre t\u00eb pun\u00ebs, n\u00eb rast se ata ndihen t\u00eb paaft\u00eb p\u00ebr pun\u00eb, \u00ebsht\u00eb e shkruar n\u00eb ligj q\u00eb duhet ta deklarojn\u00eb at\u00eb. \u00cbsht\u00eb nj\u00eb detyrim ligjor q\u00eb i njihet nga Kodi, n\u00ebse ata vazhdojn\u00eb pun\u00ebn n\u00eb rast se jan\u00eb t\u00eb stresuar, parashikohet gjob\u00eb deri n\u00eb 2 milion\u00eb lek\u00eb.<\/p>\n<p>Ne nuk k\u00ebrkojm\u00eb asnj\u00eb angazhim politik, jan\u00eb dy k\u00ebrrkesa q\u00eb jan\u00eb plot\u00ebsisht t\u00eb mundshme nga ana e qeveris\u00eb, nuk ka asnj\u00eb hap\u00ebsir\u00eb ligjore q\u00eb mund ti p\u00ebrball\u00eb kontrolloret me drejt\u00ebsin\u00eb.<\/p>\n<p>Kontrata e pun\u00ebs \u00ebsht\u00eb nj\u00eb e drejt\u00ebm q\u00eb nuk mund t\u00eb ndryshoj\u00eb n\u00eb m\u00ebnyr\u00eb t\u00eb nj\u00ebanshme, Albcontroll mund t\u00eb shkonte t\u00eb merrte kredi dhe t\u00eb shlyente detyrimet, kontratat jan\u00eb prishur n\u00eb m\u00ebnyr\u00eb t\u00eb nj\u00ebanshme.<\/p>\n<p>Thjesht na \u00ebsht\u00eb shtuar stresi, ne k\u00ebrkojm\u00eb respektimin e kontrat\u00ebs s\u00eb pun\u00ebs. Largimi p\u00ebr periudha t\u00eb gjat\u00eb kohore i kontrollor\u00ebve nga puna e tyre, do t\u00eb sillte c\u00ebnim t\u00eb cil\u00ebsis\u00eb s\u00eb tyre, n\u00eb garantimin e siguris\u00eb ajrore.<\/p>\n<p>&nbsp;<\/p>\n","protected":false},"excerpt":{"rendered":"<p>Teksa qeveria dhe ministrja Belinda Balluku i ka quajtur kontrollor\u00ebt e Albcontroll sabotator\u00eb dhe persona q\u00eb po tentojn\u00eb t\u00eb b\u00ebjn\u00eb grusht shteti, ka ardhur dhe reagimi i tyre. P\u00ebrmes avokatit Rezart Tupi u tha se gjendja e stresit ndaj kontrollor\u00ebve \u00ebsht\u00eb krijuar p\u00ebr shkak t\u00eb pushimit nga puna t\u00eb dy prej tyre, si dhe p\u00ebr [&hellip;]<\/p>\n","protected":false},"author":2031,"featured_media":176156,"comment_status":"closed","ping_status":"closed","sticky":false,"template":"","format":"standard","meta":{"footnotes":""},"categories":[241,231,235],"tags":[312,2185,329],"class_list":{"0":"post-176155","1":"post","2":"type-post","3":"status-publish","4":"format-standard","5":"has-post-thumbnail","7":"category-aktualitet","8":"category-lajme","9":"category-vendi","10":"tag-lajme","11":"tag-reagimi-i-avokatit","12":"tag-zjarr-tv"},"_links":{"self":[{"href":"https:\/\/zjarr.tv\/sq\/wp-json\/wp\/v2\/posts\/176155","targetHints":{"allow":["GET"]}}],"collection":[{"href":"https:\/\/zjarr.tv\/sq\/wp-json\/wp\/v2\/posts"}],"about":[{"href":"https:\/\/zjarr.tv\/sq\/wp-json\/wp\/v2\/types\/post"}],"author":[{"embeddable":true,"href":"https:\/\/zjarr.tv\/sq\/wp-json\/wp\/v2\/users\/2031"}],"replies":[{"embeddable":true,"href":"https:\/\/zjarr.tv\/sq\/wp-json\/wp\/v2\/comments?post=176155"}],"version-history":[{"count":0,"href":"https:\/\/zjarr.tv\/sq\/wp-json\/wp\/v2\/posts\/176155\/revisions"}],"wp:featuredmedia":[{"embeddable":true,"href":"https:\/\/zjarr.tv\/sq\/wp-json\/wp\/v2\/media\/176156"}],"wp:attachment":[{"href":"https:\/\/zjarr.tv\/sq\/wp-json\/wp\/v2\/media?parent=176155"}],"wp:term":[{"taxonomy":"category","embeddable":true,"href":"https:\/\/zjarr.tv\/sq\/wp-json\/wp\/v2\/categories?post=176155"},{"taxonomy":"post_tag","embeddable":true,"href":"https:\/\/zjarr.tv\/sq\/wp-json\/wp\/v2\/tags?post=176155"}],"curies":[{"name":"wp","href":"https:\/\/api.w.org\/{rel}","templated":true}]}}