{"id":176185,"date":"2021-04-07T17:12:22","date_gmt":"2021-04-07T15:12:22","guid":{"rendered":"https:\/\/zjarr.tv\/?p=176185"},"modified":"2021-04-07T17:12:57","modified_gmt":"2021-04-07T15:12:57","slug":"situata-nuk-eshte-aty-ku-duhet-te-jemi-komiteti-teknik-merr-vendimin-per-2-javet-e-ardhshme","status":"publish","type":"post","link":"https:\/\/zjarr.tv\/sq\/situata-nuk-eshte-aty-ku-duhet-te-jemi-komiteti-teknik-merr-vendimin-per-2-javet-e-ardhshme\/","title":{"rendered":"\u201cSituata nuk \u00ebsht\u00eb aty ku duhet t\u00eb jemi\u201d\/Komiteti Teknik merr vendimin p\u00ebr 2 jav\u00ebt e ardhshme"},"content":{"rendered":"<p>Masat aktuale anti-Covid do vazhdojn\u00eb t\u00eb mbeten n\u00eb fuqi t\u00eb pakt\u00ebn dhe p\u00ebr dy jav\u00ebt n\u00eb vazhdim. Ky ishte vendimi i Komitetit Teknik t\u00eb Ekspert\u00ebve q\u00eb u mblodh dit\u00ebn e sotme.<\/p>\n<p>Kryetarja e Komitetit Teknik, Mira Rakacolli quajti nj\u00eb arritje t\u00eb madhe fushat\u00ebn e vaksinimit masiv, por ajo tha se kjo nuk mjafton dhe se Shqip\u00ebria nuk \u00ebsht\u00eb ende aty ku duhet p\u00ebr sa i p\u00ebrket situates pandemike.<\/p>\n<p>\u201cDuke qen\u00eb se numri i rasteve ditore \u00ebsht\u00eb p\u00ebrs\u00ebri problematik. Ne mendojm\u00eb q\u00eb masat kan\u00eb qen\u00eb me intenstitet t\u00eb mes\u00ebm dhe efikase. Ky rezultat vjen si bashk\u00ebpunim m\u00eb i mir\u00eb me qyteatr\u00ebt. P\u00ebrdorimi i mask\u00ebs, respektimi i distancimit fizik. Nj\u00eb nga arritjet m\u00eb t\u00eb m\u00ebdha \u00ebsht\u00eb fushata e vaksinimit masiv, jo vet\u00ebm n\u00eb drejtim t\u00eb numrit t\u00eb madh t\u00eb vaskinave q\u00eb jan\u00eb b\u00ebr\u00eb. Shqi\u00ebpria ka z\u00ebn\u00eb vendin e par\u00eb n\u00eb rajon p\u00ebr sa i p\u00ebrket ritmit t\u00eb vaksinimit n\u00eb 10 dit\u00ebt e fundit. Kjo si rezultat i gjetjes s\u00eb numrit t\u00eb madh t\u00eb vaksinave. Sicc e thash\u00eb n\u00eb fillim situata nuk \u00ebsht\u00eb aty ku duhet t\u00eb jemi. Mendohet q\u00eb masat t\u00eb mbeten n\u00eb t\u00eb nj\u00ebjtin n\u00eb nivel sicc ishin. Nuk ka masa t\u00eb reja,\u201d deklaroi Rakacolli.<\/p>\n<p>Masat q\u00eb do t\u00eb q\u00ebndrojn\u00eb n\u00eb fuqi p\u00ebr dy jav\u00ebt e ardhshme:<\/p>\n<p>Do t\u00eb vazhdoj\u00eb t\u00eb mbetet kufizimi I l\u00ebvizjes nga ora 20:00 deri n\u00eb 06:00 t\u00eb m\u00ebngjesit, ku do t\u00eb l\u00ebvizet vet\u00ebm p\u00ebr emergjenca sh\u00ebndet\u00ebsore ose p\u00ebr emergjenca pune.<\/p>\n<p>Baret dhe restorantet do t\u00eb vazhdojn\u00eb t\u00eb punojn\u00eb deri n\u00eb or\u00ebn 20:00 (p\u00ebrve\u00e7 sh\u00ebrbimit delivery).<\/p>\n<p>Shkollat do t\u00eb vazhdojn\u00eb t\u00eb mbeten online ne zonat e kuqe pervec maturanteve.<\/p>\n<p>Fluturimet me Britanin\u00eb e Madhe edhe p\u00ebr k\u00ebt\u00eb periudh\u00eb dyjavore do t\u00eb mbeten t\u00eb pezulluara.<\/p>\n<p>Vazhdon t\u00eb mbetet n\u00eb fuqi edhe p\u00ebr dy jav\u00eb ndalimi i grumbullimeve me m\u00eb shum\u00eb sesa 10 vet\u00eb.<\/p>\n<p>&nbsp;<\/p>\n","protected":false},"excerpt":{"rendered":"<p>Masat aktuale anti-Covid do vazhdojn\u00eb t\u00eb mbeten n\u00eb fuqi t\u00eb pakt\u00ebn dhe p\u00ebr dy jav\u00ebt n\u00eb vazhdim. Ky ishte vendimi i Komitetit Teknik t\u00eb Ekspert\u00ebve q\u00eb u mblodh dit\u00ebn e sotme. Kryetarja e Komitetit Teknik, Mira Rakacolli quajti nj\u00eb arritje t\u00eb madhe fushat\u00ebn e vaksinimit masiv, por ajo tha se kjo nuk mjafton dhe se [&hellip;]<\/p>\n","protected":false},"author":2031,"featured_media":176186,"comment_status":"closed","ping_status":"closed","sticky":false,"template":"","format":"standard","meta":{"footnotes":""},"categories":[241,231,235],"tags":[2190,312,451],"class_list":{"0":"post-176185","1":"post","2":"type-post","3":"status-publish","4":"format-standard","5":"has-post-thumbnail","7":"category-aktualitet","8":"category-lajme","9":"category-vendi","10":"tag-komiteti","11":"tag-lajme","12":"tag-lajme-zjarr"},"_links":{"self":[{"href":"https:\/\/zjarr.tv\/sq\/wp-json\/wp\/v2\/posts\/176185","targetHints":{"allow":["GET"]}}],"collection":[{"href":"https:\/\/zjarr.tv\/sq\/wp-json\/wp\/v2\/posts"}],"about":[{"href":"https:\/\/zjarr.tv\/sq\/wp-json\/wp\/v2\/types\/post"}],"author":[{"embeddable":true,"href":"https:\/\/zjarr.tv\/sq\/wp-json\/wp\/v2\/users\/2031"}],"replies":[{"embeddable":true,"href":"https:\/\/zjarr.tv\/sq\/wp-json\/wp\/v2\/comments?post=176185"}],"version-history":[{"count":0,"href":"https:\/\/zjarr.tv\/sq\/wp-json\/wp\/v2\/posts\/176185\/revisions"}],"wp:featuredmedia":[{"embeddable":true,"href":"https:\/\/zjarr.tv\/sq\/wp-json\/wp\/v2\/media\/176186"}],"wp:attachment":[{"href":"https:\/\/zjarr.tv\/sq\/wp-json\/wp\/v2\/media?parent=176185"}],"wp:term":[{"taxonomy":"category","embeddable":true,"href":"https:\/\/zjarr.tv\/sq\/wp-json\/wp\/v2\/categories?post=176185"},{"taxonomy":"post_tag","embeddable":true,"href":"https:\/\/zjarr.tv\/sq\/wp-json\/wp\/v2\/tags?post=176185"}],"curies":[{"name":"wp","href":"https:\/\/api.w.org\/{rel}","templated":true}]}}