{"id":176191,"date":"2021-04-07T17:30:36","date_gmt":"2021-04-07T15:30:36","guid":{"rendered":"https:\/\/zjarr.tv\/?p=176191"},"modified":"2021-04-07T17:47:38","modified_gmt":"2021-04-07T15:47:38","slug":"humbja-e-gjyqit-me-becchettin-rama-ai-marifetciu-me-meten-dhe-berishen-do-marrin-ate-qe-nuk-thuhet-e-qe-nuk-hahet","status":"publish","type":"post","link":"https:\/\/zjarr.tv\/sq\/humbja-e-gjyqit-me-becchettin-rama-ai-marifetciu-me-meten-dhe-berishen-do-marrin-ate-qe-nuk-thuhet-e-qe-nuk-hahet\/","title":{"rendered":"Humbja e gjyqit me Becchettin, Rama: Ai marifet\u00e7iu me Met\u00ebn dhe Berish\u00ebn do marrin at\u00eb q\u00eb nuk thuhet e q\u00eb nuk hahet"},"content":{"rendered":"<p>\u201cDy njer\u00ebzit m\u00eb t\u00eb g\u00ebzuar p\u00ebr gjyqin q\u00eb ne e humbim pasi kemi fituar tre t\u00eb tjer\u00eb ishin Ilir Meta dhe Sali Berisha. Nj\u00eb g\u00ebzim i neveritsh\u00ebm dhe nj\u00eb p\u00ebrpjekje po kaq e neveritshme p\u00ebr t\u00eb motivuar ndjek\u00ebsit e tyre duke arritur t\u00eb shp\u00ebrndajn\u00eb trakte n\u00ebp\u00ebr Tiran\u00eb se tani shqiptar\u00ebt do paguajn\u00eb nj\u00eb gjob\u00eb 110 mln. Ai marifet\u00e7iu bashk\u00eb me Saliun dhe Ilirin do marrin at\u00eb q\u00eb nuk thuhet, do marrin at\u00eb q\u00eb nuk hahet. Lufta kund\u00ebr tij vazhdon. Ai \u00ebsht\u00eb nj\u00eb marifet\u00e7i i paskrupullt q\u00eb k\u00ebrkohet nga drejt\u00ebsia shqiptare dhe nuk do t\u00eb marr\u00eb asgj\u00eb nga parat\u00eb e shqiptar\u00ebve. Mbase dhe hapja e aeroportit t\u00eb Kuk\u00ebsit ka qen\u00eb nj\u00eb nga motivet q\u00eb i shtyn Ilir dhe Saliun n\u00eb goditjen e \u00e7mendur ndaj aeroportit \u201cN\u00ebn\u00eb Tereza\u201d duke nxjerr\u00eb jasht\u00eb loje kull\u00ebn e kontrollit.\u201d, tha Rama.<\/p>\n","protected":false},"excerpt":{"rendered":"<p>\u201cDy njer\u00ebzit m\u00eb t\u00eb g\u00ebzuar p\u00ebr gjyqin q\u00eb ne e humbim pasi kemi fituar tre t\u00eb tjer\u00eb ishin Ilir Meta dhe Sali Berisha. Nj\u00eb g\u00ebzim i neveritsh\u00ebm dhe nj\u00eb p\u00ebrpjekje po kaq e neveritshme p\u00ebr t\u00eb motivuar ndjek\u00ebsit e tyre duke arritur t\u00eb shp\u00ebrndajn\u00eb trakte n\u00ebp\u00ebr Tiran\u00eb se tani shqiptar\u00ebt do paguajn\u00eb nj\u00eb gjob\u00eb 110 [&hellip;]<\/p>\n","protected":false},"author":2031,"featured_media":176192,"comment_status":"closed","ping_status":"closed","sticky":false,"template":"","format":"standard","meta":{"footnotes":""},"categories":[241,231,235],"tags":[312,302,329],"class_list":{"0":"post-176191","1":"post","2":"type-post","3":"status-publish","4":"format-standard","5":"has-post-thumbnail","7":"category-aktualitet","8":"category-lajme","9":"category-vendi","10":"tag-lajme","11":"tag-rama","12":"tag-zjarr-tv"},"_links":{"self":[{"href":"https:\/\/zjarr.tv\/sq\/wp-json\/wp\/v2\/posts\/176191","targetHints":{"allow":["GET"]}}],"collection":[{"href":"https:\/\/zjarr.tv\/sq\/wp-json\/wp\/v2\/posts"}],"about":[{"href":"https:\/\/zjarr.tv\/sq\/wp-json\/wp\/v2\/types\/post"}],"author":[{"embeddable":true,"href":"https:\/\/zjarr.tv\/sq\/wp-json\/wp\/v2\/users\/2031"}],"replies":[{"embeddable":true,"href":"https:\/\/zjarr.tv\/sq\/wp-json\/wp\/v2\/comments?post=176191"}],"version-history":[{"count":0,"href":"https:\/\/zjarr.tv\/sq\/wp-json\/wp\/v2\/posts\/176191\/revisions"}],"wp:featuredmedia":[{"embeddable":true,"href":"https:\/\/zjarr.tv\/sq\/wp-json\/wp\/v2\/media\/176192"}],"wp:attachment":[{"href":"https:\/\/zjarr.tv\/sq\/wp-json\/wp\/v2\/media?parent=176191"}],"wp:term":[{"taxonomy":"category","embeddable":true,"href":"https:\/\/zjarr.tv\/sq\/wp-json\/wp\/v2\/categories?post=176191"},{"taxonomy":"post_tag","embeddable":true,"href":"https:\/\/zjarr.tv\/sq\/wp-json\/wp\/v2\/tags?post=176191"}],"curies":[{"name":"wp","href":"https:\/\/api.w.org\/{rel}","templated":true}]}}