{"id":176216,"date":"2021-04-07T18:16:46","date_gmt":"2021-04-07T16:16:46","guid":{"rendered":"https:\/\/zjarr.tv\/?p=176216"},"modified":"2021-04-07T18:18:52","modified_gmt":"2021-04-07T16:18:52","slug":"tensionohet-situata-ne-rinas-forcat-e-nderhyrjes-se-shpejte-zbarkojne-ne-aeroport","status":"publish","type":"post","link":"https:\/\/zjarr.tv\/sq\/tensionohet-situata-ne-rinas-forcat-e-nderhyrjes-se-shpejte-zbarkojne-ne-aeroport\/","title":{"rendered":"Tensionohet situata n\u00eb Rinas\/Forcat e Nd\u00ebrhyrjes s\u00eb Shpejt\u00eb zbarkojn\u00eb n\u00eb aeroport"},"content":{"rendered":"<p>Situata n\u00eb Rinas po tensionohet policia ushtarake dhe Forcat e Nd\u00ebrhyrjes s\u00eb Shpejt\u00eb kan\u00eb mb\u00ebrritur n\u00eb aeroport dhe po p\u00ebrpiqen t\u00eb futen tek godina operacionale. Ende nuk dihen detaje t\u00eb reja nga kjo ngjarje e minutave t\u00eb fundit q\u00eb vjen disa or\u00eb pas protest\u00ebs s\u00eb punonj\u00ebsve t\u00eb Albcontrol.<\/p>\n<p>Aeroporti i Rinasit ka pezulluar sot t\u00eb gjitha fluturimet. Shkak \u00ebsht\u00eb b\u00ebr\u00eb mosplot\u00ebsimi i k\u00ebrkesave t\u00eb kontrollor\u00ebve. Ministrja Belinda Balluku ka hequr t\u00eb gjitha p\u00ebrgjegj\u00ebsit\u00eb nga shteti, nd\u00ebrsa ka ngritur alarmin p\u00ebr \u201cpu\u00e7 shteti\u201d. Presidenti Ilir Meta ka k\u00ebrkuar zgjidhje nga qeveria, nd\u00ebrsa kryeministri Edi Rama i ka k\u00ebrc\u00ebnuar punonj\u00ebsit e \u2018Albcontrol\u2019 me burg.<\/p>\n","protected":false},"excerpt":{"rendered":"<p>Situata n\u00eb Rinas po tensionohet policia ushtarake dhe Forcat e Nd\u00ebrhyrjes s\u00eb Shpejt\u00eb kan\u00eb mb\u00ebrritur n\u00eb aeroport dhe po p\u00ebrpiqen t\u00eb futen tek godina operacionale. Ende nuk dihen detaje t\u00eb reja nga kjo ngjarje e minutave t\u00eb fundit q\u00eb vjen disa or\u00eb pas protest\u00ebs s\u00eb punonj\u00ebsve t\u00eb Albcontrol. Aeroporti i Rinasit ka pezulluar sot t\u00eb [&hellip;]<\/p>\n","protected":false},"author":2031,"featured_media":176217,"comment_status":"closed","ping_status":"closed","sticky":false,"template":"","format":"standard","meta":{"footnotes":""},"categories":[241,231,235],"tags":[312,423,329],"class_list":{"0":"post-176216","1":"post","2":"type-post","3":"status-publish","4":"format-standard","5":"has-post-thumbnail","7":"category-aktualitet","8":"category-lajme","9":"category-vendi","10":"tag-lajme","11":"tag-rinas","12":"tag-zjarr-tv"},"_links":{"self":[{"href":"https:\/\/zjarr.tv\/sq\/wp-json\/wp\/v2\/posts\/176216","targetHints":{"allow":["GET"]}}],"collection":[{"href":"https:\/\/zjarr.tv\/sq\/wp-json\/wp\/v2\/posts"}],"about":[{"href":"https:\/\/zjarr.tv\/sq\/wp-json\/wp\/v2\/types\/post"}],"author":[{"embeddable":true,"href":"https:\/\/zjarr.tv\/sq\/wp-json\/wp\/v2\/users\/2031"}],"replies":[{"embeddable":true,"href":"https:\/\/zjarr.tv\/sq\/wp-json\/wp\/v2\/comments?post=176216"}],"version-history":[{"count":0,"href":"https:\/\/zjarr.tv\/sq\/wp-json\/wp\/v2\/posts\/176216\/revisions"}],"wp:featuredmedia":[{"embeddable":true,"href":"https:\/\/zjarr.tv\/sq\/wp-json\/wp\/v2\/media\/176217"}],"wp:attachment":[{"href":"https:\/\/zjarr.tv\/sq\/wp-json\/wp\/v2\/media?parent=176216"}],"wp:term":[{"taxonomy":"category","embeddable":true,"href":"https:\/\/zjarr.tv\/sq\/wp-json\/wp\/v2\/categories?post=176216"},{"taxonomy":"post_tag","embeddable":true,"href":"https:\/\/zjarr.tv\/sq\/wp-json\/wp\/v2\/tags?post=176216"}],"curies":[{"name":"wp","href":"https:\/\/api.w.org\/{rel}","templated":true}]}}