{"id":176225,"date":"2021-04-07T18:53:38","date_gmt":"2021-04-07T16:53:38","guid":{"rendered":"https:\/\/zjarr.tv\/?p=176225"},"modified":"2021-04-07T18:53:38","modified_gmt":"2021-04-07T16:53:38","slug":"balluku-del-prape-live-ceta-e-politikes-po-merr-peng-aeroportin-une-kam-luftuar-per-hallet-e-tyre-kur-drejtoja-albcontrol","status":"publish","type":"post","link":"https:\/\/zjarr.tv\/sq\/balluku-del-prape-live-ceta-e-politikes-po-merr-peng-aeroportin-une-kam-luftuar-per-hallet-e-tyre-kur-drejtoja-albcontrol\/","title":{"rendered":"Balluku del prap\u00eb LIVE: \u00c7eta e politik\u00ebs po merr peng aeroportin\/Un\u00eb kam luftuar p\u00ebr hallet e tyre kur drejtoja AlbControl"},"content":{"rendered":"<p>Ne nje dalje publike Ministrja Balluku ka vende theksin tek rikthimi ne normalitet te institucionit me te larte ne vendit tone.Ajo eshte shprehur se :<\/p>\n<p>Une kam luftuar per hallet e tyre kur drejtoja Albcontrol.Ata q\u00eb duan t\u00eb q\u00ebndrojn\u00eb le t\u00eb q\u00ebndrojn\u00eb,ju q\u00eb jeni\u00a0 t\u00eb aft\u00eb vazhdoni pun\u00ebn ,jeni t\u00eb lutur t\u00eb vazhdoni ,t\u00eb tjer\u00ebt nuk duan t\u00eb operojn\u00eb dhe nuk ofrojn\u00eb sh\u00ebrbim ,keni brakrisur detyr\u00ebn ,e kthyet AlbControlin n\u00eb nj\u00eb dyqan lagjeje q\u00eb e mbyll qepenin kur t\u00eb doje .<\/p>\n<p>Ndertesa do te merret ne ruajtje nga FNSH pasi ju q\u00eb jeni b\u00ebr\u00eb masha t\u00eb politik\u00ebs mund edhe t\u00eb merrni aksione edhe m\u00eb t\u00eb rrezikshm- shpreh Balluku<\/p>\n","protected":false},"excerpt":{"rendered":"<p>Ne nje dalje publike Ministrja Balluku ka vende theksin tek rikthimi ne normalitet te institucionit me te larte ne vendit tone.Ajo eshte shprehur se : Une kam luftuar per hallet e tyre kur drejtoja Albcontrol.Ata q\u00eb duan t\u00eb q\u00ebndrojn\u00eb le t\u00eb q\u00ebndrojn\u00eb,ju q\u00eb jeni\u00a0 t\u00eb aft\u00eb vazhdoni pun\u00ebn ,jeni t\u00eb lutur t\u00eb vazhdoni ,t\u00eb tjer\u00ebt [&hellip;]<\/p>\n","protected":false},"author":2031,"featured_media":176226,"comment_status":"closed","ping_status":"closed","sticky":false,"template":"","format":"standard","meta":{"footnotes":""},"categories":[241,231,235],"tags":[2193,312,329],"class_list":{"0":"post-176225","1":"post","2":"type-post","3":"status-publish","4":"format-standard","5":"has-post-thumbnail","7":"category-aktualitet","8":"category-lajme","9":"category-vendi","10":"tag-balluku","11":"tag-lajme","12":"tag-zjarr-tv"},"_links":{"self":[{"href":"https:\/\/zjarr.tv\/sq\/wp-json\/wp\/v2\/posts\/176225","targetHints":{"allow":["GET"]}}],"collection":[{"href":"https:\/\/zjarr.tv\/sq\/wp-json\/wp\/v2\/posts"}],"about":[{"href":"https:\/\/zjarr.tv\/sq\/wp-json\/wp\/v2\/types\/post"}],"author":[{"embeddable":true,"href":"https:\/\/zjarr.tv\/sq\/wp-json\/wp\/v2\/users\/2031"}],"replies":[{"embeddable":true,"href":"https:\/\/zjarr.tv\/sq\/wp-json\/wp\/v2\/comments?post=176225"}],"version-history":[{"count":0,"href":"https:\/\/zjarr.tv\/sq\/wp-json\/wp\/v2\/posts\/176225\/revisions"}],"wp:featuredmedia":[{"embeddable":true,"href":"https:\/\/zjarr.tv\/sq\/wp-json\/wp\/v2\/media\/176226"}],"wp:attachment":[{"href":"https:\/\/zjarr.tv\/sq\/wp-json\/wp\/v2\/media?parent=176225"}],"wp:term":[{"taxonomy":"category","embeddable":true,"href":"https:\/\/zjarr.tv\/sq\/wp-json\/wp\/v2\/categories?post=176225"},{"taxonomy":"post_tag","embeddable":true,"href":"https:\/\/zjarr.tv\/sq\/wp-json\/wp\/v2\/tags?post=176225"}],"curies":[{"name":"wp","href":"https:\/\/api.w.org\/{rel}","templated":true}]}}