{"id":176251,"date":"2021-04-08T08:34:13","date_gmt":"2021-04-08T06:34:13","guid":{"rendered":"https:\/\/zjarr.tv\/?p=176251"},"modified":"2021-04-08T08:36:03","modified_gmt":"2021-04-08T06:36:03","slug":"greva-e-kontrolloreve-ne-rinas-ilir-babaramo-jetojme-ne-nje-shtet-demokratik-kane-duruar-shume-nje-vit-si-mundet-tju-shkelet-e-drejta","status":"publish","type":"post","link":"https:\/\/zjarr.tv\/sq\/greva-e-kontrolloreve-ne-rinas-ilir-babaramo-jetojme-ne-nje-shtet-demokratik-kane-duruar-shume-nje-vit-si-mundet-tju-shkelet-e-drejta\/","title":{"rendered":"Babaramo flet p\u00ebr grev\u00ebn e kontrollor\u00ebve n\u00eb Rinas: Jetojm\u00eb n\u00eb nj\u00eb shtet demokratik, kan\u00eb duruar shum\u00eb nj\u00eb vit, si mundet t\u2019ju shkelet e drejta?"},"content":{"rendered":"<p>Gazetari Ilir Babaramo, ishte i ftuar n\u00eb \u201cOpen\u201d ku ka folur lidhur me \u00e7\u00ebshtjen e bllokimit te aeroportit t\u00eb Rinasit, e q\u00eb mb\u00ebshtet grev\u00ebn e kontrollor\u00ebve t\u00eb trafikut ajror, duke u shprehur se jetojm\u00eb n\u00eb nj\u00eb vend demokratik dhe nuk mund t\u2019ju shkelet e drejta e tyre.<\/p>\n<p><strong><em>Babaramo<\/em><\/strong><em>: Po m\u00eb kujtohen gjyqet q\u00eb tradhtar\u00ebt n\u00eb litar\u00eb, kulak\u00ebt t\u2019ju marrin grurin e fshehur. U fol edhe p\u00ebr grusht shteti, m\u00eb duket absurde, njer\u00ebzit dalin p\u00ebr t\u00eb drejtat e tyre. Jetojm\u00eb n\u00eb nj\u00eb shtet demokratik. \u00cbsht\u00eb shteti i s\u00eb drejt\u00ebs q\u00eb \u00ebsht\u00eb kontrata. K\u00ebta kan\u00eb nj\u00eb kontrat\u00eb, n\u00eb m\u00ebnyr\u00eb t\u00eb nj\u00ebanshme ju \u00ebsht\u00eb prishur. Kan\u00eb duruar shum\u00eb nj\u00eb vit. Si mundet t\u2019ju shkelet e drejta? M\u00eb duket e frikshme si po themi grusht shteti p\u00ebr k\u00ebta njer\u00ebz. Kam shqet\u00ebsim q\u00eb \u00e7ohet ushtria aty. P\u00ebrse duhet t\u00eb shkosh n\u00eb k\u00ebt\u00eb stad. Ata po b\u00ebjn\u00eb nj\u00eb form\u00eb proteste.<\/em><\/p>\n<p><strong><em>Eni Vasili:<\/em><\/strong><em>\u00a0Nuk ju lejohet me ligj greva.<\/em><\/p>\n<p><strong><em>Babaramo:<\/em><\/strong><em>\u00a0Greva ndodhin n\u00eb \u00e7do aeroport t\u00eb bot\u00ebs.<\/em><\/p>\n<p>Kujtojm\u00eb se, kontrollor\u00ebt e trafikut ajror t\u00eb AlbControl, kan\u00eb ndalur pun\u00ebn pas uljes s\u00eb pagave nga 4400 dollar\u00eb n\u00eb 2400 dollar\u00eb me argumentin se kan\u00eb stres, p\u00ebr pasoj\u00eb sot jan\u00eb anuluar t\u00eb gjitha fluturimet nga Aeroporti i Rinasit. Nj\u00eb gj\u00eb t\u00eb till\u00eb, Ministrja e Infrastruktur\u00ebs, Belinda Balluku, e ka quajtur nj\u00eb grusht shteti, ku jan\u00eb t\u00eb p\u00ebrfshir\u00eb ish- kryeministri Sali Berisha dhe presidenti Ilir Meta.<\/p>\n<p>&nbsp;<\/p>\n","protected":false},"excerpt":{"rendered":"<p>Gazetari Ilir Babaramo, ishte i ftuar n\u00eb \u201cOpen\u201d ku ka folur lidhur me \u00e7\u00ebshtjen e bllokimit te aeroportit t\u00eb Rinasit, e q\u00eb mb\u00ebshtet grev\u00ebn e kontrollor\u00ebve t\u00eb trafikut ajror, duke u shprehur se jetojm\u00eb n\u00eb nj\u00eb vend demokratik dhe nuk mund t\u2019ju shkelet e drejta e tyre. Babaramo: Po m\u00eb kujtohen gjyqet q\u00eb tradhtar\u00ebt n\u00eb [&hellip;]<\/p>\n","protected":false},"author":2016,"featured_media":176253,"comment_status":"closed","ping_status":"closed","sticky":false,"template":"","format":"standard","meta":{"footnotes":""},"categories":[241],"tags":[2198],"class_list":{"0":"post-176251","1":"post","2":"type-post","3":"status-publish","4":"format-standard","5":"has-post-thumbnail","7":"category-aktualitet","8":"tag-lajme-zjarr-barbaramo-per-kontrolloret-kane-duruar-shume-nje-vit-zjarr-tv"},"_links":{"self":[{"href":"https:\/\/zjarr.tv\/sq\/wp-json\/wp\/v2\/posts\/176251","targetHints":{"allow":["GET"]}}],"collection":[{"href":"https:\/\/zjarr.tv\/sq\/wp-json\/wp\/v2\/posts"}],"about":[{"href":"https:\/\/zjarr.tv\/sq\/wp-json\/wp\/v2\/types\/post"}],"author":[{"embeddable":true,"href":"https:\/\/zjarr.tv\/sq\/wp-json\/wp\/v2\/users\/2016"}],"replies":[{"embeddable":true,"href":"https:\/\/zjarr.tv\/sq\/wp-json\/wp\/v2\/comments?post=176251"}],"version-history":[{"count":0,"href":"https:\/\/zjarr.tv\/sq\/wp-json\/wp\/v2\/posts\/176251\/revisions"}],"wp:featuredmedia":[{"embeddable":true,"href":"https:\/\/zjarr.tv\/sq\/wp-json\/wp\/v2\/media\/176253"}],"wp:attachment":[{"href":"https:\/\/zjarr.tv\/sq\/wp-json\/wp\/v2\/media?parent=176251"}],"wp:term":[{"taxonomy":"category","embeddable":true,"href":"https:\/\/zjarr.tv\/sq\/wp-json\/wp\/v2\/categories?post=176251"},{"taxonomy":"post_tag","embeddable":true,"href":"https:\/\/zjarr.tv\/sq\/wp-json\/wp\/v2\/tags?post=176251"}],"curies":[{"name":"wp","href":"https:\/\/api.w.org\/{rel}","templated":true}]}}