{"id":176257,"date":"2021-04-08T08:49:26","date_gmt":"2021-04-08T06:49:26","guid":{"rendered":"https:\/\/zjarr.tv\/?p=176257"},"modified":"2021-04-08T08:49:26","modified_gmt":"2021-04-08T06:49:26","slug":"kontrolloret-baton-haxhiu-i-drejtohet-ballukut-pse-nuk-i-edukove-balluku-i-kthehet-batonit-nuk-kam-hequr-asnje-te-pd-se-dhe-te-lsi-se-ne-6-vite-2-jane-organizatoret-nje-prej-tyre-ka-lidhje-me","status":"publish","type":"post","link":"https:\/\/zjarr.tv\/sq\/kontrolloret-baton-haxhiu-i-drejtohet-ballukut-pse-nuk-i-edukove-balluku-i-kthehet-batonit-nuk-kam-hequr-asnje-te-pd-se-dhe-te-lsi-se-ne-6-vite-2-jane-organizatoret-nje-prej-tyre-ka-lidhje-me\/","title":{"rendered":"Kontrollor\u00ebt\/ Baton Haxhiu i drejtohet Ballukut: Pse nuk i edukove? Balluku i kthehet Batonit: Nuk kam hequr asnj\u00eb t\u00eb PD-s\u00eb dhe t\u00eb LSI-s\u00eb n\u00eb 6 vite, 2 jan\u00eb organizator\u00ebt, nj\u00eb prej tyre ka lidhje me\u2026"},"content":{"rendered":"<p>Pak para mesnate, para se shumica e kontrollor\u00ebve t\u00eb Rinasit t\u00eb shoq\u00ebroheshin n\u00eb ambientet e Policis\u00eb, Ministrja Belinda Balluku, ka folur n\u00eb nj\u00eb lidhje me emisionin \u201copinion\u201d, ku u p\u00ebrball dhe me gazetar\u00ebt. Ishte analisti pran\u00eb qeveris\u00eb Baton Haxhiu, ai q\u00eb tha se Ministrja Belinda Balluku nuk ka l\u00ebn\u00eb nd\u00ebrgjegje tek punonj\u00ebsit e Albcontrol, kompani q\u00eb ajo e ka drejtuar p\u00ebr 6 vitesh, se si duhet t\u00eb silleshin me shtetin.<\/p>\n<p><em>\u201cNga 6 vjet sa ka qen\u00eb udh\u00ebheq\u00ebse e k\u00ebtij institucioni m\u00eb duket se ka l\u00ebn\u00eb shum\u00eb pak nd\u00ebrgjegje tek ata se si duhet t\u00eb sillen me shtetin. Drejtoresha \u00ebsht\u00eb edhe edukatore. Nuk mund t\u00eb shfaj\u00ebsohen aq leht\u00eb njer\u00ebzit q\u00eb udh\u00ebheqin institucionin dhe e l\u00ebn\u00eb pastaj q\u00eb njer\u00ebzit marrin vendime brenda nat\u00ebs duke l\u00ebn\u00eb kull\u00ebn e zbraz\u00ebt. Kjo \u00ebsht\u00eb e para. Nga ajo q\u00eb po shoh dhe t\u00eb gjitha diskutimet, po shihet q\u00eb kjo grev\u00eb ka nuhatje politike. Jan\u00eb dy jav\u00eb para zgjedhjeve. Njer\u00ebzit q\u00eb kan\u00eb nd\u00ebrgjegje nuk e p\u00ebrdorin situat\u00ebn politike t\u00eb ndezur\u201d,<\/em>\u00a0tha Haxhiu.<\/p>\n<p>Por kjo solli reagimin e Ministres Balluku, e cila gjat\u00eb nj\u00eb lidhjeje live tha se gjat\u00eb drejtimit t\u00eb saj n\u00eb AlbControl, nuk ka hequr nga puna asnj\u00eb nga punonj\u00ebsit q\u00eb ishte me Partin\u00eb Demokratike, ose L\u00ebvizjen Socialiste p\u00ebr Integrim. Sa i p\u00ebrket bllokimit t\u00eb pun\u00ebs n\u00eb Rinas, Balluku tha se \u00ebsht\u00eb organizuar nga nj\u00eb person q\u00eb \u00ebsht\u00eb shef shtabi, p\u00ebr nj\u00eb kandidat p\u00ebr deputet t\u00eb PD-s\u00eb n\u00eb Shkod\u00ebr.<\/p>\n<p><em>\u201cKam vet\u00ebm di\u00e7ka p\u00ebr Batonin fillimisht q\u00eb thot\u00eb ka ndenjur 6 vjet dhe nuk i ka edukuar mir\u00eb. Baton e di \u00e7far\u00eb kam b\u00ebr\u00eb me th\u00ebn\u00eb t\u00eb drejt\u00ebn? Nuk hoqa nga puna as ata q\u00eb ishin me PD dhe as ata t\u00eb LSI-s\u00eb. Nj\u00eb prej djemve aty q\u00eb organizon \u00ebsht\u00eb shef shtabi p\u00ebr nj\u00eb nga deputetet q\u00eb kandidon n\u00eb Shkod\u00ebr p\u00ebr PD-n\u00eb. E vetmja gj\u00eb q\u00eb kam b\u00ebr\u00eb un\u00eb, nuk kam larguar kurr\u00eb nga puna asnj\u00eb kontrollor q\u00eb i p\u00ebrkisnin nj\u00ebr\u00ebs forc\u00eb apo tjetr\u00ebs. I kam respektuar profesionin e tyre.<\/em><\/p>\n<p><em>Zoti Hoxha hape Facebook-un e Sali Berish\u00ebs. Po t\u00eb p\u00ebrgjigjem pse e p\u00ebrmenda Sali Berish\u00ebn sot sepse Ilir Met\u00ebs i b\u00ebra thirrje vet\u00ebm q\u00eb t\u00eb pozicionohej n\u00ebse \u00ebsht\u00eb kjo m\u00ebnyra si duhet t\u00eb sillen kontrollor\u00ebt. Nuk kam th\u00ebn\u00eb gj\u00eb tjet\u00ebr p\u00ebr Ilir Met\u00ebn. Nd\u00ebrsa p\u00ebr Sali Berish\u00ebn po. Hapeni Facebook dhe shikojeni \u00e7far\u00eb ka b\u00ebr\u00eb nga mbr\u00ebm\u00eb n\u00eb dark\u00eb si ka b\u00ebr\u00eb thirrje t\u00eb l\u00ebn\u00eb pun\u00ebn. Greva financiare ka dat\u00ebn e gjyqit, ka padin\u00eb civile n\u00eb dat\u00eb 9. Grev\u00eb financiare dy jav\u00eb para zgjedhjeve \u00ebsht\u00eb politike pasi \u00ebsht\u00eb drejtuar nga persona q\u00eb kan\u00eb funksione politike n\u00eb k\u00ebt\u00eb fushat\u00eb\u201d<\/em>, tha Balluku.<\/p>\n<p>&nbsp;<\/p>\n","protected":false},"excerpt":{"rendered":"<p>Pak para mesnate, para se shumica e kontrollor\u00ebve t\u00eb Rinasit t\u00eb shoq\u00ebroheshin n\u00eb ambientet e Policis\u00eb, Ministrja Belinda Balluku, ka folur n\u00eb nj\u00eb lidhje me emisionin \u201copinion\u201d, ku u p\u00ebrball dhe me gazetar\u00ebt. Ishte analisti pran\u00eb qeveris\u00eb Baton Haxhiu, ai q\u00eb tha se Ministrja Belinda Balluku nuk ka l\u00ebn\u00eb nd\u00ebrgjegje tek punonj\u00ebsit e Albcontrol, kompani [&hellip;]<\/p>\n","protected":false},"author":2016,"featured_media":176259,"comment_status":"closed","ping_status":"closed","sticky":false,"template":"","format":"standard","meta":{"footnotes":""},"categories":[241],"tags":[2199],"class_list":{"0":"post-176257","1":"post","2":"type-post","3":"status-publish","4":"format-standard","5":"has-post-thumbnail","7":"category-aktualitet","8":"tag-lajme-zjarr-baton-haxhiu-i-drejtohet-ballukut-zjarr-tv"},"_links":{"self":[{"href":"https:\/\/zjarr.tv\/sq\/wp-json\/wp\/v2\/posts\/176257","targetHints":{"allow":["GET"]}}],"collection":[{"href":"https:\/\/zjarr.tv\/sq\/wp-json\/wp\/v2\/posts"}],"about":[{"href":"https:\/\/zjarr.tv\/sq\/wp-json\/wp\/v2\/types\/post"}],"author":[{"embeddable":true,"href":"https:\/\/zjarr.tv\/sq\/wp-json\/wp\/v2\/users\/2016"}],"replies":[{"embeddable":true,"href":"https:\/\/zjarr.tv\/sq\/wp-json\/wp\/v2\/comments?post=176257"}],"version-history":[{"count":0,"href":"https:\/\/zjarr.tv\/sq\/wp-json\/wp\/v2\/posts\/176257\/revisions"}],"wp:featuredmedia":[{"embeddable":true,"href":"https:\/\/zjarr.tv\/sq\/wp-json\/wp\/v2\/media\/176259"}],"wp:attachment":[{"href":"https:\/\/zjarr.tv\/sq\/wp-json\/wp\/v2\/media?parent=176257"}],"wp:term":[{"taxonomy":"category","embeddable":true,"href":"https:\/\/zjarr.tv\/sq\/wp-json\/wp\/v2\/categories?post=176257"},{"taxonomy":"post_tag","embeddable":true,"href":"https:\/\/zjarr.tv\/sq\/wp-json\/wp\/v2\/tags?post=176257"}],"curies":[{"name":"wp","href":"https:\/\/api.w.org\/{rel}","templated":true}]}}