{"id":176262,"date":"2021-04-08T09:04:47","date_gmt":"2021-04-08T07:04:47","guid":{"rendered":"https:\/\/zjarr.tv\/?p=176262"},"modified":"2021-04-08T09:05:11","modified_gmt":"2021-04-08T07:05:11","slug":"belinda-balluku-ironizoi-kontrolloret-per-pagat-por-ja-sa-para-mori-ajo-ne-krye-te-albcontrol","status":"publish","type":"post","link":"https:\/\/zjarr.tv\/sq\/belinda-balluku-ironizoi-kontrolloret-per-pagat-por-ja-sa-para-mori-ajo-ne-krye-te-albcontrol\/","title":{"rendered":"Belinda Balluku ironizoi kontrollor\u00ebt p\u00ebr pagat, por ja sa para mori ajo n\u00eb krye t\u00eb AlbControl\u2026"},"content":{"rendered":"<p>Ministrja e Infrastruktur\u00ebs, Belinda Balluku, ka folur me tone t\u00eb ashpra dhe ndaj kontrollor\u00ebve t\u00eb trafikut ajror, t\u00eb cil\u00ebt shpall\u00ebn nj\u00eb grev\u00eb, p\u00ebr shkak t\u00eb uljes s\u00eb pagave prej m\u00eb shum\u00eb se nj\u00eb viti, si edhe probleme t\u00eb tjera t\u00eb pashqyrtuara nga qeveria.<\/p>\n<p>Balluku, krahas toneve t\u00eb larta me polici dhe humbje t\u00eb vendit t\u00eb pun\u00ebs, ironizoi punonj\u00ebsit e \u201cAlbcontrol\u201d, p\u00ebr nivelin e tyre t\u00eb pagave.<\/p>\n<p>\u201cA duhet marr\u00eb peng vendi p\u00ebr ta pasur rrog\u00ebn 4400 dollar\u00eb\u201d, tha Balluku, e cila shtoi se paga e kontrollor\u00ebve \u00ebsht\u00eb ulur n\u00eb 2490 dollar\u00eb, p\u00ebr shkak t\u00eb efekteve t\u00eb pandemis\u00eb.<\/p>\n<p>Por, Ministrja nuk e p\u00ebrmendi faktin se pagat e punonj\u00ebsve t\u00eb \u201cAlbcontrol\u201d, miratohen nga Bordi, pjes\u00eb e t\u00eb cil\u00ebs \u00ebsht\u00eb edhe vet\u00eb Balluku.<\/p>\n<p>Ajo zgjodhi t\u00eb p\u00ebrdorte shifrat e pag\u00ebs s\u00eb kontrollor\u00ebve, p\u00ebr t\u00eb hedhur n\u00eb publik shashk\u00ebn q\u00eb grevist\u00ebt ankohen p\u00ebr rrogat, megjith\u00ebse e kan\u00eb shum\u00eb her\u00eb m\u00eb t\u00eb lart\u00eb se sa mesatarja e t\u00eb pun\u00ebsuarve n\u00eb Shqip\u00ebri.<\/p>\n<p>Por, Ministrja Balluku prej vitesh, ka qen\u00eb p\u00ebrfituese e drejt\u00ebp\u00ebrdrejt\u00eb e pagave marramend\u00ebse nga \u201cAlbcontrol\u201d, kur e drejtoi k\u00ebt\u00eb institucion prej vitit 2013-t\u00eb deri n\u00eb vitin 2018-t\u00eb.<\/p>\n<p>Referuar t\u00eb dh\u00ebnave t\u00eb deklaratave t\u00eb pasuris\u00eb, Belinda Balluku, n\u00eb cil\u00ebsin\u00eb e titullares s\u00eb \u201cAlbcontrol\u201d, ka marr\u00eb nga 60 milion\u00eb lek\u00eb t\u00eb vjetra deri n\u00eb 77 milion\u00eb lek\u00eb t\u00eb vjetra n\u00eb vit, me nj\u00eb pag\u00eb mesatare mbi 6 milion\u00eb lek\u00eb t\u00eb vjetra n\u00eb muaj.<\/p>\n<p>M\u00eb konkretisht, n\u00eb vitin 2014-t\u00eb, Belinda Balluku, n\u00eb cil\u00ebsin\u00eb e drejtoresh\u00ebs s\u00eb \u201cAlbcontrol\u201d, \u00ebsht\u00eb paguar me nj\u00eb pag\u00eb vjetore n\u00eb vler\u00eb rreth 63 milion\u00eb lek\u00eb t\u00eb vjetra.<\/p>\n<p>Kjo shif\u00ebr, \u00ebsht\u00eb nd\u00ebr m\u00eb t\u00eb ultat n\u00eb pag\u00ebn e Ballukut n\u00eb \u201cAlbcontrol\u201d.<\/p>\n<p>&nbsp;<\/p>\n","protected":false},"excerpt":{"rendered":"<p>Ministrja e Infrastruktur\u00ebs, Belinda Balluku, ka folur me tone t\u00eb ashpra dhe ndaj kontrollor\u00ebve t\u00eb trafikut ajror, t\u00eb cil\u00ebt shpall\u00ebn nj\u00eb grev\u00eb, p\u00ebr shkak t\u00eb uljes s\u00eb pagave prej m\u00eb shum\u00eb se nj\u00eb viti, si edhe probleme t\u00eb tjera t\u00eb pashqyrtuara nga qeveria. Balluku, krahas toneve t\u00eb larta me polici dhe humbje t\u00eb vendit t\u00eb [&hellip;]<\/p>\n","protected":false},"author":2016,"featured_media":176264,"comment_status":"closed","ping_status":"closed","sticky":false,"template":"","format":"standard","meta":{"footnotes":""},"categories":[241],"tags":[2200],"class_list":{"0":"post-176262","1":"post","2":"type-post","3":"status-publish","4":"format-standard","5":"has-post-thumbnail","7":"category-aktualitet","8":"tag-lajme-zjarr-balluku-ironizoi-kontrolloret-per-pagat-zjarr-tv"},"_links":{"self":[{"href":"https:\/\/zjarr.tv\/sq\/wp-json\/wp\/v2\/posts\/176262","targetHints":{"allow":["GET"]}}],"collection":[{"href":"https:\/\/zjarr.tv\/sq\/wp-json\/wp\/v2\/posts"}],"about":[{"href":"https:\/\/zjarr.tv\/sq\/wp-json\/wp\/v2\/types\/post"}],"author":[{"embeddable":true,"href":"https:\/\/zjarr.tv\/sq\/wp-json\/wp\/v2\/users\/2016"}],"replies":[{"embeddable":true,"href":"https:\/\/zjarr.tv\/sq\/wp-json\/wp\/v2\/comments?post=176262"}],"version-history":[{"count":0,"href":"https:\/\/zjarr.tv\/sq\/wp-json\/wp\/v2\/posts\/176262\/revisions"}],"wp:featuredmedia":[{"embeddable":true,"href":"https:\/\/zjarr.tv\/sq\/wp-json\/wp\/v2\/media\/176264"}],"wp:attachment":[{"href":"https:\/\/zjarr.tv\/sq\/wp-json\/wp\/v2\/media?parent=176262"}],"wp:term":[{"taxonomy":"category","embeddable":true,"href":"https:\/\/zjarr.tv\/sq\/wp-json\/wp\/v2\/categories?post=176262"},{"taxonomy":"post_tag","embeddable":true,"href":"https:\/\/zjarr.tv\/sq\/wp-json\/wp\/v2\/tags?post=176262"}],"curies":[{"name":"wp","href":"https:\/\/api.w.org\/{rel}","templated":true}]}}