{"id":176279,"date":"2021-04-08T09:58:42","date_gmt":"2021-04-08T07:58:42","guid":{"rendered":"https:\/\/zjarr.tv\/?p=176279"},"modified":"2021-04-08T10:03:58","modified_gmt":"2021-04-08T08:03:58","slug":"erion-brace-reagon-per-kontrolloret-pas-bllokimit-te-rinasit-llasticat-pengmarrese-a-u-besohet-jeta-ketyre","status":"publish","type":"post","link":"https:\/\/zjarr.tv\/sq\/erion-brace-reagon-per-kontrolloret-pas-bllokimit-te-rinasit-llasticat-pengmarrese-a-u-besohet-jeta-ketyre\/","title":{"rendered":"Erion Bra\u00e7e reagon p\u00ebr kontrollor\u00ebt pas bllokimit t\u00eb Rinasit: Llasticat pengmarr\u00ebse, a u besohet jeta k\u00ebtyre?"},"content":{"rendered":"<p>Zv\/ kryeministri Erion Bra\u00e7e, i cil\u00ebson si pengmarr\u00ebs kontrollor\u00ebt n\u00eb Rinas, q\u00eb kan\u00eb bllokuar pun\u00ebn, pasi u fut\u00ebn n\u00eb grev\u00eb p\u00ebr shkak t\u00eb uljes s\u00eb pagave, prej vitit t\u00eb kaluar si pasoj\u00eb e uljes s\u00eb fluksit t\u00eb fluturimeve nga pandemia. \u201c<em>Llasticat pengmarrese te Rinasit! \u00a0I besohet me ketyre njerezve? A i besohet me siguria kombetare ketyre njerezve? A i besohet me siguria e jetes se gjithkujt ketyre njerezve?<\/em>\u201d shkruan Bra\u00e7e.<\/p>\n<p><em>Por \u00e7far\u00eb po ndodh n\u00eb Rinas?<\/em><\/p>\n<p>Aeroporti i vet\u00ebm n\u00eb Shqip\u00ebri, prej m\u00ebngjesit t\u00eb sot\u00ebm \u00ebsht\u00eb n\u00eb kaos total, pasi nuk mund t\u00eb realizohet asnj\u00eb fluturim, si n\u00eb hyrje dhe dalje, p\u00ebrpos atyre q\u00eb kalojn\u00eb n\u00eb hap\u00ebsir\u00ebn ajrore t\u00eb vendit ton\u00eb. Shkak \u00ebsht\u00eb b\u00ebr\u00eb greva e kontrollor\u00ebve, q\u00eb akuzojn\u00eb se u \u00ebsht\u00eb ulur paga p\u00ebr shkak t\u00eb pandemis\u00eb prej vitit t\u00eb kaluar.<\/p>\n<p>N\u00ebp\u00ebrmjet Sindikat\u00ebs, avokatit, por edhe vet\u00eb drejtp\u00ebrdrejt ata deklarojn\u00eb se nuk do t\u00eb t\u00ebrhiqen deri n\u00eb momentin q\u00eb do t\u00eb shfuqizohet vendimi q\u00eb u uli pagat. Kryeministri Edi Rama, akuzoi opozit\u00ebn dhe Ilir Met\u00ebn se q\u00ebndron pas bllokimit t\u00eb Rinasit, nd\u00ebrsa kontrollor\u00ebve u vendosi ultimatum q\u00eb t\u00eb rikthehen n\u00eb pun\u00eb deri nes\u00ebr, n\u00eb t\u00eb kund\u00ebrt do t\u00eb largohen.<\/p>\n<p>Ministrja Balluku, e cil\u00ebsoi veprimin e kontrollor\u00ebve grusht shteti dhe pengmarrje me prapavij\u00eb politik\u00eb, nd\u00ebrsa pasditen e sotme d\u00ebrgoi n\u00eb Rinas ushtrin\u00eb dhe policin\u00eb p\u00ebr t\u00eb marr\u00eb n\u00eb dor\u00eb kull\u00ebn e kontrollit me argumentin se \u00ebsht\u00eb objekt me r\u00ebnd\u00ebsi t\u00eb ve\u00e7ant\u00eb<\/p>\n<p>&nbsp;<\/p>\n","protected":false},"excerpt":{"rendered":"<p>Zv\/ kryeministri Erion Bra\u00e7e, i cil\u00ebson si pengmarr\u00ebs kontrollor\u00ebt n\u00eb Rinas, q\u00eb kan\u00eb bllokuar pun\u00ebn, pasi u fut\u00ebn n\u00eb grev\u00eb p\u00ebr shkak t\u00eb uljes s\u00eb pagave, prej vitit t\u00eb kaluar si pasoj\u00eb e uljes s\u00eb fluksit t\u00eb fluturimeve nga pandemia. \u201cLlasticat pengmarrese te Rinasit! \u00a0I besohet me ketyre njerezve? A i besohet me siguria kombetare [&hellip;]<\/p>\n","protected":false},"author":2016,"featured_media":176283,"comment_status":"closed","ping_status":"closed","sticky":false,"template":"","format":"standard","meta":{"footnotes":""},"categories":[241],"tags":[2204],"class_list":{"0":"post-176279","1":"post","2":"type-post","3":"status-publish","4":"format-standard","5":"has-post-thumbnail","7":"category-aktualitet","8":"tag-lajme-zjarr-erion-brace-reagon-per-kontrolloret-zjarr-tv"},"_links":{"self":[{"href":"https:\/\/zjarr.tv\/sq\/wp-json\/wp\/v2\/posts\/176279","targetHints":{"allow":["GET"]}}],"collection":[{"href":"https:\/\/zjarr.tv\/sq\/wp-json\/wp\/v2\/posts"}],"about":[{"href":"https:\/\/zjarr.tv\/sq\/wp-json\/wp\/v2\/types\/post"}],"author":[{"embeddable":true,"href":"https:\/\/zjarr.tv\/sq\/wp-json\/wp\/v2\/users\/2016"}],"replies":[{"embeddable":true,"href":"https:\/\/zjarr.tv\/sq\/wp-json\/wp\/v2\/comments?post=176279"}],"version-history":[{"count":0,"href":"https:\/\/zjarr.tv\/sq\/wp-json\/wp\/v2\/posts\/176279\/revisions"}],"wp:featuredmedia":[{"embeddable":true,"href":"https:\/\/zjarr.tv\/sq\/wp-json\/wp\/v2\/media\/176283"}],"wp:attachment":[{"href":"https:\/\/zjarr.tv\/sq\/wp-json\/wp\/v2\/media?parent=176279"}],"wp:term":[{"taxonomy":"category","embeddable":true,"href":"https:\/\/zjarr.tv\/sq\/wp-json\/wp\/v2\/categories?post=176279"},{"taxonomy":"post_tag","embeddable":true,"href":"https:\/\/zjarr.tv\/sq\/wp-json\/wp\/v2\/tags?post=176279"}],"curies":[{"name":"wp","href":"https:\/\/api.w.org\/{rel}","templated":true}]}}