{"id":176293,"date":"2021-04-08T10:43:49","date_gmt":"2021-04-08T08:43:49","guid":{"rendered":"https:\/\/zjarr.tv\/?p=176293"},"modified":"2021-04-08T10:46:19","modified_gmt":"2021-04-08T08:46:19","slug":"ja-deri-kur-do-te-qendroje-i-mbyllur-aeroporti-i-rinasit","status":"publish","type":"post","link":"https:\/\/zjarr.tv\/sq\/ja-deri-kur-do-te-qendroje-i-mbyllur-aeroporti-i-rinasit\/","title":{"rendered":"Ja deri kur do t\u00eb q\u00ebndroj\u00eb i mbyllur Aeroporti i Rinasit\u2026"},"content":{"rendered":"<p>Aeroporti i Rinasit, do t\u00eb q\u00ebndroj\u00eb i mbyllur deri n\u00eb or\u00ebn 15:00 t\u00eb dit\u00ebs s\u00eb sotme, deri n\u00eb nxjerrjen e nj\u00eb njoftimi t\u00eb dyt\u00eb, n\u00eb var\u00ebsi t\u00eb zhbllokimit ose jo t\u00eb situat\u00ebs.<\/p>\n<p>Njoftimi \u00ebsht\u00eb dh\u00ebn\u00eb nga ICAO, Autoriteti Nd\u00ebrkomb\u00ebtar i Fluturimeve, ku theksohet mbyllja e aeroportit p\u00ebr shkak t\u00eb munges\u00ebs s\u00eb stafit, deri n\u00eb or\u00ebn 15:00 t\u00eb pasdites.<\/p>\n<p>Nuk dihet ende n\u00ebse deri at\u00ebher\u00eb, do t\u00eb mund t\u00eb arrihet nj\u00eb marr\u00ebveshje mes Ministres Balluku dhe kontrollor\u00ebve t\u00eb avizcionit civil, p\u00ebr rikthimin e tyre n\u00eb pun\u00eb.<\/p>\n<p>Mbr\u00ebmjen e djeshme, me k\u00ebrkes\u00eb t\u00eb ministrit p\u00ebrgjegj\u00ebs p\u00ebr Infrastruktur\u00ebn dhe Energjin\u00eb u mblodh Komiteti i Mbrojtjes Civile, organi i p\u00ebrhersh\u00ebm i Emergjencave Civile, p\u00ebr situat\u00ebn e jasht\u00ebzakonshme t\u00eb krijuar nga ndalimi i qarkullimit ajror, nga ana e kontrollor\u00ebve t\u00eb trafikut ajror.<\/p>\n<p>Ministri i Mbrojtjes Niko Peleshi, ngarkoi me detyr\u00eb gjat\u00eb mbledhjes Belinda Ballukun, p\u00ebr z\u00ebvend\u00ebsimin e kontrollor\u00ebve q\u00eb kan\u00eb braktisur detyr\u00ebn sipas zyrtar\u00ebve t\u00eb qeveris\u00eb.<\/p>\n<p>\u201c<em>Ngarkohet ministri i Infrastruktur\u00ebs dhe Energjis\u00eb p\u00ebr marrjen e masave t\u00eb nevojshme p\u00ebr t\u00eb b\u00ebr\u00eb t\u00eb mundur rikthimin e pun\u00ebs, qoft\u00eb edhe duke z\u00ebvend\u00ebsuar e kontrollor\u00ebt, me t\u00eb huaj ose\u00a0 me vendas. T\u00eb p\u00ebrcaktoj\u00eb kriteret e licencimit p\u00ebr t\u00eb rinisur fluturimet sa m\u00eb par\u00eb dhe t\u00eb b\u00ebhet \u00e7far\u00eb \u00ebsht\u00eb e nevojshme p\u00ebr rifillimin gradual t\u00eb pun\u00ebs. Ministrja Balluku ngarkohet p\u00ebr t\u00eb b\u00ebr\u00eb gjith\u00e7ka p\u00ebr t\u00eb rifilluar pun\u00ebn\u201d<\/em>, \u00a0k\u00ebshtu \u00ebsht\u00eb shprehur Peleshi, gjat\u00eb mbledhjes.<\/p>\n<p>&nbsp;<\/p>\n","protected":false},"excerpt":{"rendered":"<p>Aeroporti i Rinasit, do t\u00eb q\u00ebndroj\u00eb i mbyllur deri n\u00eb or\u00ebn 15:00 t\u00eb dit\u00ebs s\u00eb sotme, deri n\u00eb nxjerrjen e nj\u00eb njoftimi t\u00eb dyt\u00eb, n\u00eb var\u00ebsi t\u00eb zhbllokimit ose jo t\u00eb situat\u00ebs. Njoftimi \u00ebsht\u00eb dh\u00ebn\u00eb nga ICAO, Autoriteti Nd\u00ebrkomb\u00ebtar i Fluturimeve, ku theksohet mbyllja e aeroportit p\u00ebr shkak t\u00eb munges\u00ebs s\u00eb stafit, deri n\u00eb or\u00ebn [&hellip;]<\/p>\n","protected":false},"author":2016,"featured_media":176295,"comment_status":"closed","ping_status":"closed","sticky":false,"template":"","format":"standard","meta":{"footnotes":""},"categories":[241],"tags":[2207],"class_list":{"0":"post-176293","1":"post","2":"type-post","3":"status-publish","4":"format-standard","5":"has-post-thumbnail","7":"category-aktualitet","8":"tag-lajme-zjarr-aeroporti-i-rinasit-zjarr-tv"},"_links":{"self":[{"href":"https:\/\/zjarr.tv\/sq\/wp-json\/wp\/v2\/posts\/176293","targetHints":{"allow":["GET"]}}],"collection":[{"href":"https:\/\/zjarr.tv\/sq\/wp-json\/wp\/v2\/posts"}],"about":[{"href":"https:\/\/zjarr.tv\/sq\/wp-json\/wp\/v2\/types\/post"}],"author":[{"embeddable":true,"href":"https:\/\/zjarr.tv\/sq\/wp-json\/wp\/v2\/users\/2016"}],"replies":[{"embeddable":true,"href":"https:\/\/zjarr.tv\/sq\/wp-json\/wp\/v2\/comments?post=176293"}],"version-history":[{"count":0,"href":"https:\/\/zjarr.tv\/sq\/wp-json\/wp\/v2\/posts\/176293\/revisions"}],"wp:featuredmedia":[{"embeddable":true,"href":"https:\/\/zjarr.tv\/sq\/wp-json\/wp\/v2\/media\/176295"}],"wp:attachment":[{"href":"https:\/\/zjarr.tv\/sq\/wp-json\/wp\/v2\/media?parent=176293"}],"wp:term":[{"taxonomy":"category","embeddable":true,"href":"https:\/\/zjarr.tv\/sq\/wp-json\/wp\/v2\/categories?post=176293"},{"taxonomy":"post_tag","embeddable":true,"href":"https:\/\/zjarr.tv\/sq\/wp-json\/wp\/v2\/tags?post=176293"}],"curies":[{"name":"wp","href":"https:\/\/api.w.org\/{rel}","templated":true}]}}