{"id":176299,"date":"2021-04-08T10:59:47","date_gmt":"2021-04-08T08:59:47","guid":{"rendered":"https:\/\/zjarr.tv\/?p=176299"},"modified":"2021-04-08T11:00:21","modified_gmt":"2021-04-08T09:00:21","slug":"edi-rama-e-dhimbshme-kemi-humbur-ngarkesen-e-djeshme-te-vaksinave-por-forcat-e-se-shkuares-po-sfidojne-kryeministrin-e-gabuar","status":"publish","type":"post","link":"https:\/\/zjarr.tv\/sq\/edi-rama-e-dhimbshme-kemi-humbur-ngarkesen-e-djeshme-te-vaksinave-por-forcat-e-se-shkuares-po-sfidojne-kryeministrin-e-gabuar\/","title":{"rendered":"Edi Rama: E dhimbshme, kemi humbur ngarkes\u00ebn e djeshme t\u00eb vaksinave, por forcat e s\u00eb shkuar\u00ebs po sfidojn\u00eb Kryeministrin e gabuar\u2026"},"content":{"rendered":"<p>Kryeministri Edi Rama, \u00ebsht\u00eb duke ndjekur nga af\u00ebr procesin e vaksinimit masiv, n\u00eb qytetin e Gjirokastr\u00ebs, i shoq\u00ebruar edhe nga Ministrja e Sh\u00ebndet\u00ebsis\u00eb Ogerta Manastrliu, ku ka folur edhe p\u00ebr situat\u00ebn n\u00eb aeroportin e Rinasit, ku vijojn\u00eb t\u00eb jen\u00eb t\u00eb pezulluara fluturimet.<\/p>\n<p>Kreu i qeveris\u00eb, tha s\u2019e \u00ebsht\u00eb e patolerushme humbja e ngarkes\u00ebs s\u00eb vaksinave. M\u00eb tej, Rama deklaroi se nuk ka shans q\u00eb forca t\u00eb verb\u00ebra, t\u00eb marrin peng t\u00eb ardhmen dhe t\u00eb ndalin procesin e vaksinimit.<\/p>\n<p>\u201c<em>Ajo q\u00eb \u00ebsht\u00eb e patolerueshme dhe e pajustifikueshme \u00ebsht\u00eb se ne e kemi humbur ngarkes\u00ebn e djeshme t\u00eb vaksinave dhe kjo \u00ebsht\u00eb realisht e dhimbshme n\u00eb nj\u00eb koh\u00eb si kjo ku \u00e7do sekond\u00eb dhe \u00e7do minut\u00eb vlen dhe ne nuk po l\u00ebm\u00eb sekond\u00eb pa shfryt\u00ebzuar. Nj\u00eb gj\u00eb \u00ebsht\u00eb e sigurt, q\u00eb nuk ka shans q\u00eb forca destruktive, forca t\u00eb verbra, forca t\u00eb s\u00eb shkuar\u00ebs q\u00eb duan me \u00e7do kusht t\u00eb rimarrin peng t\u00eb ardhmen t\u00eb na ndalin n\u00eb k\u00ebt\u00eb proces. I kan\u00eb b\u00ebr\u00eb llogarit\u00eb gabim dhe kan\u00eb marr\u00eb p\u00ebrsip\u00ebr t\u00eb sfidojn\u00eb qeverin\u00eb dhe kryeministrin m\u00eb t\u00eb gabuar<\/em>\u201d, shprehet Rama.<\/p>\n<p>&nbsp;<\/p>\n","protected":false},"excerpt":{"rendered":"<p>Kryeministri Edi Rama, \u00ebsht\u00eb duke ndjekur nga af\u00ebr procesin e vaksinimit masiv, n\u00eb qytetin e Gjirokastr\u00ebs, i shoq\u00ebruar edhe nga Ministrja e Sh\u00ebndet\u00ebsis\u00eb Ogerta Manastrliu, ku ka folur edhe p\u00ebr situat\u00ebn n\u00eb aeroportin e Rinasit, ku vijojn\u00eb t\u00eb jen\u00eb t\u00eb pezulluara fluturimet. Kreu i qeveris\u00eb, tha s\u2019e \u00ebsht\u00eb e patolerushme humbja e ngarkes\u00ebs s\u00eb vaksinave. [&hellip;]<\/p>\n","protected":false},"author":2016,"featured_media":176301,"comment_status":"closed","ping_status":"closed","sticky":false,"template":"","format":"standard","meta":{"footnotes":""},"categories":[241],"tags":[2208],"class_list":{"0":"post-176299","1":"post","2":"type-post","3":"status-publish","4":"format-standard","5":"has-post-thumbnail","7":"category-aktualitet","8":"tag-lajme-zjarr-rama-kemi-humbur-ngarkesen-e-djeshme-te-vaksinave-zjarr-tv"},"_links":{"self":[{"href":"https:\/\/zjarr.tv\/sq\/wp-json\/wp\/v2\/posts\/176299","targetHints":{"allow":["GET"]}}],"collection":[{"href":"https:\/\/zjarr.tv\/sq\/wp-json\/wp\/v2\/posts"}],"about":[{"href":"https:\/\/zjarr.tv\/sq\/wp-json\/wp\/v2\/types\/post"}],"author":[{"embeddable":true,"href":"https:\/\/zjarr.tv\/sq\/wp-json\/wp\/v2\/users\/2016"}],"replies":[{"embeddable":true,"href":"https:\/\/zjarr.tv\/sq\/wp-json\/wp\/v2\/comments?post=176299"}],"version-history":[{"count":0,"href":"https:\/\/zjarr.tv\/sq\/wp-json\/wp\/v2\/posts\/176299\/revisions"}],"wp:featuredmedia":[{"embeddable":true,"href":"https:\/\/zjarr.tv\/sq\/wp-json\/wp\/v2\/media\/176301"}],"wp:attachment":[{"href":"https:\/\/zjarr.tv\/sq\/wp-json\/wp\/v2\/media?parent=176299"}],"wp:term":[{"taxonomy":"category","embeddable":true,"href":"https:\/\/zjarr.tv\/sq\/wp-json\/wp\/v2\/categories?post=176299"},{"taxonomy":"post_tag","embeddable":true,"href":"https:\/\/zjarr.tv\/sq\/wp-json\/wp\/v2\/tags?post=176299"}],"curies":[{"name":"wp","href":"https:\/\/api.w.org\/{rel}","templated":true}]}}