{"id":176322,"date":"2021-04-08T11:30:54","date_gmt":"2021-04-08T09:30:54","guid":{"rendered":"https:\/\/zjarr.tv\/?p=176322"},"modified":"2021-04-08T11:30:54","modified_gmt":"2021-04-08T09:30:54","slug":"300-euro-personi-per-te-kaluar-sirianet-ne-kufi-ndalohen-4-persona-ne-elbasan-2-shpallen-ne-kerkim","status":"publish","type":"post","link":"https:\/\/zjarr.tv\/sq\/300-euro-personi-per-te-kaluar-sirianet-ne-kufi-ndalohen-4-persona-ne-elbasan-2-shpallen-ne-kerkim\/","title":{"rendered":"300 euro\/personi p\u00ebr t\u00eb kaluar sirian\u00ebt n\u00eb kufi, ndalohen 4 persona n\u00eb Elbasan, 2 shpallen n\u00eb k\u00ebrkim"},"content":{"rendered":"<p>Xhulian Drymishi, Romeo Drymishi, Jorid Muceku dhe Eralbi Koliqi jan\u00eb ndaluar nga Policia e Elbasanit pasi n\u00eb bashk\u00ebpunim me dy shtetas t\u00eb tjer\u00eb t\u00eb arrestuar m\u00eb her\u00ebt, ndihmonin emigrant\u00ebt t\u00eb kalonin kufirin e vendit ton\u00eb.<\/p>\n<p>Pas operacionit t\u00eb koduar \u201cRREZJA 1\u201d, jan\u00eb shpallur n\u00eb k\u00ebrkim shtetasit Artur Salianj dhe Sandri Krasta.<\/p>\n<p>K\u00ebta shtetas, n\u00eb bashk\u00ebpunim me nj\u00ebri-tjetrin dhe me shtetasit Gentian Sula dhe Ardenis Dreni (t\u00eb cil\u00ebt jan\u00eb arrestuar m\u00eb dat\u00eb 28.09.2020), kryenin n\u00eb m\u00ebnyr\u00eb t\u00eb organizuar veprimtarin\u00eb kriminale t\u00eb dh\u00ebnies ndihm\u00eb shtetasve me origjin\u00eb nga vendet e treta, p\u00ebr kalim t\u00eb paligjsh\u00ebm t\u00eb kufirit, duke b\u00ebr\u00eb transportimin e tyre nga Kor\u00e7a drejt Tiran\u00ebs, kundrejt fitimit 250-300 euro p\u00ebr person.<\/p>\n<p>Nga hetimet ka rezultuar se k\u00ebta shtetas, n\u00eb bashk\u00ebpunim me nj\u00ebri-tjetrin, n\u00eb koh\u00eb t\u00eb ndryshme, kan\u00eb transportuar nj\u00eb num\u00ebr t\u00eb konsideruesh\u00ebm personash, t\u00eb cil\u00ebt jan\u00eb bllokuar nga sh\u00ebrbimet policore, pa mundur t\u00eb kalojn\u00eb kufirin.<\/p>\n<p>N\u00eb cil\u00ebsin\u00eb e provave materiale jan\u00eb sekuestruar 6 automjete dhe 11 aparate celular.\u00a0 Vijojn\u00eb hetimet p\u00ebr identifikimin e shtetasve t\u00eb tjer\u00eb t\u00eb p\u00ebrfshir\u00eb n\u00eb k\u00ebt\u00eb aktivite<\/p>\n","protected":false},"excerpt":{"rendered":"<p>Xhulian Drymishi, Romeo Drymishi, Jorid Muceku dhe Eralbi Koliqi jan\u00eb ndaluar nga Policia e Elbasanit pasi n\u00eb bashk\u00ebpunim me dy shtetas t\u00eb tjer\u00eb t\u00eb arrestuar m\u00eb her\u00ebt, ndihmonin emigrant\u00ebt t\u00eb kalonin kufirin e vendit ton\u00eb. Pas operacionit t\u00eb koduar \u201cRREZJA 1\u201d, jan\u00eb shpallur n\u00eb k\u00ebrkim shtetasit Artur Salianj dhe Sandri Krasta. K\u00ebta shtetas, n\u00eb bashk\u00ebpunim [&hellip;]<\/p>\n","protected":false},"author":2030,"featured_media":176323,"comment_status":"closed","ping_status":"closed","sticky":false,"template":"","format":"standard","meta":{"footnotes":""},"categories":[241],"tags":[2211,451,329],"class_list":{"0":"post-176322","1":"post","2":"type-post","3":"status-publish","4":"format-standard","5":"has-post-thumbnail","7":"category-aktualitet","8":"tag-300-euro-personi-per-te-kaluar-sirianet-ne-kufi","9":"tag-lajme-zjarr","10":"tag-zjarr-tv"},"_links":{"self":[{"href":"https:\/\/zjarr.tv\/sq\/wp-json\/wp\/v2\/posts\/176322","targetHints":{"allow":["GET"]}}],"collection":[{"href":"https:\/\/zjarr.tv\/sq\/wp-json\/wp\/v2\/posts"}],"about":[{"href":"https:\/\/zjarr.tv\/sq\/wp-json\/wp\/v2\/types\/post"}],"author":[{"embeddable":true,"href":"https:\/\/zjarr.tv\/sq\/wp-json\/wp\/v2\/users\/2030"}],"replies":[{"embeddable":true,"href":"https:\/\/zjarr.tv\/sq\/wp-json\/wp\/v2\/comments?post=176322"}],"version-history":[{"count":0,"href":"https:\/\/zjarr.tv\/sq\/wp-json\/wp\/v2\/posts\/176322\/revisions"}],"wp:featuredmedia":[{"embeddable":true,"href":"https:\/\/zjarr.tv\/sq\/wp-json\/wp\/v2\/media\/176323"}],"wp:attachment":[{"href":"https:\/\/zjarr.tv\/sq\/wp-json\/wp\/v2\/media?parent=176322"}],"wp:term":[{"taxonomy":"category","embeddable":true,"href":"https:\/\/zjarr.tv\/sq\/wp-json\/wp\/v2\/categories?post=176322"},{"taxonomy":"post_tag","embeddable":true,"href":"https:\/\/zjarr.tv\/sq\/wp-json\/wp\/v2\/tags?post=176322"}],"curies":[{"name":"wp","href":"https:\/\/api.w.org\/{rel}","templated":true}]}}