{"id":176335,"date":"2021-04-08T11:51:22","date_gmt":"2021-04-08T09:51:22","guid":{"rendered":"https:\/\/zjarr.tv\/?p=176335"},"modified":"2021-04-08T11:51:22","modified_gmt":"2021-04-08T09:51:22","slug":"ciljeta-xhilaga-me-valixhe-ne-duar-dhe-range-roverin-e-parkuar-ngec-ne-rinas-pas-pezullimit-te-fluturimeve","status":"publish","type":"post","link":"https:\/\/zjarr.tv\/sq\/ciljeta-xhilaga-me-valixhe-ne-duar-dhe-range-roverin-e-parkuar-ngec-ne-rinas-pas-pezullimit-te-fluturimeve\/","title":{"rendered":"\u00c7iljeta Xhilaga me valixhe n\u00eb duar dhe Range Roverin e parkuar, ngec n\u00eb Rinas pas pezullimit t\u00eb fluturimeve\u2026"},"content":{"rendered":"<p>Mes qytetar\u00ebve t\u00eb bllokuar n\u00eb aeroportin e Rinasit, p\u00ebr shkak t\u00eb pezullimit t\u00eb fluturimeve, \u00ebsht\u00eb edhe k\u00ebng\u00ebtarja e njohur \u00c7iljeta Xhilaga.<\/p>\n<p>Xhilaga dhe djali i saj, presin n\u00eb ambjentet e jashtme t\u00eb aeroportit.<\/p>\n<p>Por, k\u00ebng\u00ebtarja nuk \u00ebsht\u00eb e vetmja, pasi qindra pasagjer\u00eb jan\u00eb duke pritur n\u00eb Rinas, n\u00eb pritje t\u00eb nj\u00eb njoftimi t\u00eb dyt\u00eb p\u00ebr rinisjen e fluturimeve.<\/p>\n<p>Prej dit\u00ebs s\u00eb djeshme, p\u00ebr shkak t\u00eb grev\u00ebs s\u00eb kontrollor\u00ebve t\u00eb trafikut ajror, nga aeroporti i vet\u00ebm nd\u00ebrkomb\u00ebtar i vendit, nuk \u00ebsht\u00eb ulur e nuk \u00ebsht\u00eb ngritur asnj\u00eb avion.<\/p>\n<p><em>\u00a0<\/em><\/p>\n","protected":false},"excerpt":{"rendered":"<p>Mes qytetar\u00ebve t\u00eb bllokuar n\u00eb aeroportin e Rinasit, p\u00ebr shkak t\u00eb pezullimit t\u00eb fluturimeve, \u00ebsht\u00eb edhe k\u00ebng\u00ebtarja e njohur \u00c7iljeta Xhilaga. Xhilaga dhe djali i saj, presin n\u00eb ambjentet e jashtme t\u00eb aeroportit. Por, k\u00ebng\u00ebtarja nuk \u00ebsht\u00eb e vetmja, pasi qindra pasagjer\u00eb jan\u00eb duke pritur n\u00eb Rinas, n\u00eb pritje t\u00eb nj\u00eb njoftimi t\u00eb dyt\u00eb p\u00ebr [&hellip;]<\/p>\n","protected":false},"author":2016,"featured_media":176337,"comment_status":"closed","ping_status":"closed","sticky":false,"template":"","format":"standard","meta":{"footnotes":""},"categories":[193],"tags":[2214],"class_list":{"0":"post-176335","1":"post","2":"type-post","3":"status-publish","4":"format-standard","5":"has-post-thumbnail","7":"category-showbiz","8":"tag-lajme-zjarr-ciljeta-xhilaga-ngec-ne-rinas-zjarr-tv"},"_links":{"self":[{"href":"https:\/\/zjarr.tv\/sq\/wp-json\/wp\/v2\/posts\/176335","targetHints":{"allow":["GET"]}}],"collection":[{"href":"https:\/\/zjarr.tv\/sq\/wp-json\/wp\/v2\/posts"}],"about":[{"href":"https:\/\/zjarr.tv\/sq\/wp-json\/wp\/v2\/types\/post"}],"author":[{"embeddable":true,"href":"https:\/\/zjarr.tv\/sq\/wp-json\/wp\/v2\/users\/2016"}],"replies":[{"embeddable":true,"href":"https:\/\/zjarr.tv\/sq\/wp-json\/wp\/v2\/comments?post=176335"}],"version-history":[{"count":0,"href":"https:\/\/zjarr.tv\/sq\/wp-json\/wp\/v2\/posts\/176335\/revisions"}],"wp:featuredmedia":[{"embeddable":true,"href":"https:\/\/zjarr.tv\/sq\/wp-json\/wp\/v2\/media\/176337"}],"wp:attachment":[{"href":"https:\/\/zjarr.tv\/sq\/wp-json\/wp\/v2\/media?parent=176335"}],"wp:term":[{"taxonomy":"category","embeddable":true,"href":"https:\/\/zjarr.tv\/sq\/wp-json\/wp\/v2\/categories?post=176335"},{"taxonomy":"post_tag","embeddable":true,"href":"https:\/\/zjarr.tv\/sq\/wp-json\/wp\/v2\/tags?post=176335"}],"curies":[{"name":"wp","href":"https:\/\/api.w.org\/{rel}","templated":true}]}}