{"id":176351,"date":"2021-04-08T12:39:07","date_gmt":"2021-04-08T10:39:07","guid":{"rendered":"https:\/\/zjarr.tv\/?p=176351"},"modified":"2021-04-08T12:39:07","modified_gmt":"2021-04-08T10:39:07","slug":"hapet-aeroporti-ja-kur-nisin-fluturimet-e-udhetareve","status":"publish","type":"post","link":"https:\/\/zjarr.tv\/sq\/hapet-aeroporti-ja-kur-nisin-fluturimet-e-udhetareve\/","title":{"rendered":"Hapet Aeroporti\/ Ja kur nisin fluturimet e udh\u00ebtar\u00ebve\u2026"},"content":{"rendered":"<p>Ministrja Belinda Balluku, ka b\u00ebr\u00eb me dije nisjen e fluturimet dhe udh\u00ebtimet normale, p\u00ebr t\u00eb gjith\u00eb qytetar\u00ebt.<\/p>\n<p>Balluku: \u201c<em>Nes\u00ebr q\u00eb n\u00eb or\u00ebt e para t\u00eb m\u00ebngjesit, do t\u00eb kemi udh\u00ebtime normale p\u00ebr t\u00eb gjith\u00eb qytetar\u00ebt.<\/em><\/p>\n<p><em>Kjo situat\u00eb na ka b\u00ebr\u00eb t\u00eb kuptojm\u00eb se ka patur nj\u00eb plan p\u00ebr t\u00eb b\u00ebr\u00eb bllokimin e vednit deri n\u00eb dit\u00ebn e zgjedhjeve. R\u00ebnd\u00ebsi ka q\u00eb trafiku ajror do t\u00eb zhbllokohet dhe po punojm\u00eb q\u00eb \u00e7do gj\u00eb t\u00eb kthehet n\u00eb normalitet. Nga ky moment n\u00eb aeroportin e Rinasit do t\u00eb fillojn\u00eb t\u00eb ulen t\u00eb gjitha fluturimet esenciale dhe humanitare<\/em>\u201d.<\/p>\n<p>&nbsp;<\/p>\n","protected":false},"excerpt":{"rendered":"<p>Ministrja Belinda Balluku, ka b\u00ebr\u00eb me dije nisjen e fluturimet dhe udh\u00ebtimet normale, p\u00ebr t\u00eb gjith\u00eb qytetar\u00ebt. Balluku: \u201cNes\u00ebr q\u00eb n\u00eb or\u00ebt e para t\u00eb m\u00ebngjesit, do t\u00eb kemi udh\u00ebtime normale p\u00ebr t\u00eb gjith\u00eb qytetar\u00ebt. Kjo situat\u00eb na ka b\u00ebr\u00eb t\u00eb kuptojm\u00eb se ka patur nj\u00eb plan p\u00ebr t\u00eb b\u00ebr\u00eb bllokimin e vednit deri n\u00eb [&hellip;]<\/p>\n","protected":false},"author":2016,"featured_media":176353,"comment_status":"closed","ping_status":"closed","sticky":false,"template":"","format":"standard","meta":{"footnotes":""},"categories":[241],"tags":[2218],"class_list":{"0":"post-176351","1":"post","2":"type-post","3":"status-publish","4":"format-standard","5":"has-post-thumbnail","7":"category-aktualitet","8":"tag-lajme-zjarr-hapet-aeroporti-zjarr-tv"},"_links":{"self":[{"href":"https:\/\/zjarr.tv\/sq\/wp-json\/wp\/v2\/posts\/176351","targetHints":{"allow":["GET"]}}],"collection":[{"href":"https:\/\/zjarr.tv\/sq\/wp-json\/wp\/v2\/posts"}],"about":[{"href":"https:\/\/zjarr.tv\/sq\/wp-json\/wp\/v2\/types\/post"}],"author":[{"embeddable":true,"href":"https:\/\/zjarr.tv\/sq\/wp-json\/wp\/v2\/users\/2016"}],"replies":[{"embeddable":true,"href":"https:\/\/zjarr.tv\/sq\/wp-json\/wp\/v2\/comments?post=176351"}],"version-history":[{"count":0,"href":"https:\/\/zjarr.tv\/sq\/wp-json\/wp\/v2\/posts\/176351\/revisions"}],"wp:featuredmedia":[{"embeddable":true,"href":"https:\/\/zjarr.tv\/sq\/wp-json\/wp\/v2\/media\/176353"}],"wp:attachment":[{"href":"https:\/\/zjarr.tv\/sq\/wp-json\/wp\/v2\/media?parent=176351"}],"wp:term":[{"taxonomy":"category","embeddable":true,"href":"https:\/\/zjarr.tv\/sq\/wp-json\/wp\/v2\/categories?post=176351"},{"taxonomy":"post_tag","embeddable":true,"href":"https:\/\/zjarr.tv\/sq\/wp-json\/wp\/v2\/tags?post=176351"}],"curies":[{"name":"wp","href":"https:\/\/api.w.org\/{rel}","templated":true}]}}