{"id":176354,"date":"2021-04-08T12:52:05","date_gmt":"2021-04-08T10:52:05","guid":{"rendered":"https:\/\/zjarr.tv\/?p=176354"},"modified":"2021-04-08T12:59:34","modified_gmt":"2021-04-08T10:59:34","slug":"zbardhen-mesazhet-qe-cuan-ne-pranga-3-kontrollore-mbylle-kullen-guxim-kam-por-jo-deri-ketu","status":"publish","type":"post","link":"https:\/\/zjarr.tv\/sq\/zbardhen-mesazhet-qe-cuan-ne-pranga-3-kontrollore-mbylle-kullen-guxim-kam-por-jo-deri-ketu\/","title":{"rendered":"Zbardhen mesazhet q\u00eb \u00e7uan n\u00eb pranga 3 kontrollor\u00eb\/ Mbylle kull\u00ebn, guxim kam, por jo deri k\u00ebtu\u2026"},"content":{"rendered":"<p>Zbardhen mesazhet q\u00eb kontrollor\u00ebt kan\u00eb shk\u00ebmbyer me nj\u00ebri-tjetrin n\u00eb whatsApp, dhe q\u00eb jan\u00eb marr\u00eb si prov\u00eb nga ana e prokuroris\u00eb, p\u00ebr t\u00eb \u00e7uar n\u00eb arrestimin e tyre. Si\u00e7 shihet dhe nga procesverbalet q\u00eb jan\u00eb n\u00ebnshkruar pas marrjes n\u00eb pyetje, asnj\u00eb prej 3 personave t\u00eb arrestuar nuk e ka pranuar akuz\u00ebn e shp\u00ebrdorimit t\u00eb detyr\u00ebs, e cila u \u00ebsht\u00eb ngritur zyrtarisht nga ana e Policis\u00eb.<\/p>\n<p>Duke iu referuar dokumenteve t\u00eb shp\u00ebrndara n\u00eb media, nga vet\u00eb organi i akuz\u00ebs, thuhet se nj\u00eb prej t\u00eb arrestuarve, Muhin Mezini, i cili mban dhe detyr\u00ebn e mbikqyr\u00ebsit t\u00eb kontrollor\u00ebve, ka ndikuar t\u00eb vart\u00ebsit e tij, p\u00ebr m\u00ebnyr\u00ebn sesi ata duhet t\u00eb plot\u00ebsonin formularin e paaft\u00ebsis\u00eb s\u00eb p\u00ebrkohshme n\u00eb pun\u00eb.<\/p>\n<p>Sipas akuz\u00ebs Mezini ka bashk\u00ebpunuar me kontrolloren e arrestuar Flora Ndreca, p\u00ebr t\u00eb bindur koleg\u00ebt q\u00eb ti ndjekin n\u00eb vendimin e tyre.<\/p>\n<p><em>\u201cMua dhe Lol\u00ebn na pushuan se kemi dh\u00ebn\u00eb dor\u00ebheqjen t\u00eb gjith\u00eb, por shyqyr q\u00eb u kujtuan t\u00eb gjith\u00eb bashk\u00eb, e prek\u00ebn fundit\u201d,<\/em>\u00a0thuhet n\u00eb nj\u00eb prej mesazheve.<\/p>\n<p>Armando Fezga komunikon me Eldi Dervishin dy dit\u00eb m\u00eb par\u00eb, m\u00eb 6 prill rreth or\u00ebs 11:34 ku i shkruan<\/p>\n<p><em>\u201cNoku ja ka plot\u00ebsuar Lola gj\u00ebrat dhe po pret turnin e dyt\u00eb q\u00eb ta nisi, turni i par\u00eb A\u00c7 e kan\u00eb gati. H\u00eb n\u00eb fund do e nisin\u201d.<\/em> N\u00eb grupin e WhatsApp, nj\u00eb nga kontrollor\u00ebt i quajtur Hajredini i shkruan Armandos \u201cPo un\u00eb them duhet q\u00eb t\u00eb b\u00ebni dhe tokai jo vet\u00ebm at\u00eb\u201d, nd\u00ebrsa Klesti, nj\u00eb tjet\u00ebr prej kontrollor\u00ebve shkruan; <em>\u201cMbylle kull\u00ebn<\/em>\u201c,\u00a0Hajredini i p\u00ebrgjigjet<em>: \u201cNuk pi uj\u00eb, guxim kam, por jo deri k\u00ebtu, se ato letra i djeg maksimumi me \u00e7akmak mbrapa nd\u00ebrmarrjes\u201d.<\/em><\/p>\n<p>&nbsp;<\/p>\n","protected":false},"excerpt":{"rendered":"<p>Zbardhen mesazhet q\u00eb kontrollor\u00ebt kan\u00eb shk\u00ebmbyer me nj\u00ebri-tjetrin n\u00eb whatsApp, dhe q\u00eb jan\u00eb marr\u00eb si prov\u00eb nga ana e prokuroris\u00eb, p\u00ebr t\u00eb \u00e7uar n\u00eb arrestimin e tyre. Si\u00e7 shihet dhe nga procesverbalet q\u00eb jan\u00eb n\u00ebnshkruar pas marrjes n\u00eb pyetje, asnj\u00eb prej 3 personave t\u00eb arrestuar nuk e ka pranuar akuz\u00ebn e shp\u00ebrdorimit t\u00eb detyr\u00ebs, e [&hellip;]<\/p>\n","protected":false},"author":2016,"featured_media":176356,"comment_status":"closed","ping_status":"closed","sticky":false,"template":"","format":"standard","meta":{"footnotes":""},"categories":[241],"tags":[2219],"class_list":{"0":"post-176354","1":"post","2":"type-post","3":"status-publish","4":"format-standard","5":"has-post-thumbnail","7":"category-aktualitet","8":"tag-lajme-zjarr-zbardhen-mesazhet-zjarr-tv"},"_links":{"self":[{"href":"https:\/\/zjarr.tv\/sq\/wp-json\/wp\/v2\/posts\/176354","targetHints":{"allow":["GET"]}}],"collection":[{"href":"https:\/\/zjarr.tv\/sq\/wp-json\/wp\/v2\/posts"}],"about":[{"href":"https:\/\/zjarr.tv\/sq\/wp-json\/wp\/v2\/types\/post"}],"author":[{"embeddable":true,"href":"https:\/\/zjarr.tv\/sq\/wp-json\/wp\/v2\/users\/2016"}],"replies":[{"embeddable":true,"href":"https:\/\/zjarr.tv\/sq\/wp-json\/wp\/v2\/comments?post=176354"}],"version-history":[{"count":0,"href":"https:\/\/zjarr.tv\/sq\/wp-json\/wp\/v2\/posts\/176354\/revisions"}],"wp:featuredmedia":[{"embeddable":true,"href":"https:\/\/zjarr.tv\/sq\/wp-json\/wp\/v2\/media\/176356"}],"wp:attachment":[{"href":"https:\/\/zjarr.tv\/sq\/wp-json\/wp\/v2\/media?parent=176354"}],"wp:term":[{"taxonomy":"category","embeddable":true,"href":"https:\/\/zjarr.tv\/sq\/wp-json\/wp\/v2\/categories?post=176354"},{"taxonomy":"post_tag","embeddable":true,"href":"https:\/\/zjarr.tv\/sq\/wp-json\/wp\/v2\/tags?post=176354"}],"curies":[{"name":"wp","href":"https:\/\/api.w.org\/{rel}","templated":true}]}}