{"id":176372,"date":"2021-04-08T14:32:24","date_gmt":"2021-04-08T12:32:24","guid":{"rendered":"https:\/\/zjarr.tv\/?p=176372"},"modified":"2021-04-08T14:32:24","modified_gmt":"2021-04-08T12:32:24","slug":"beccheti-ngriu-1-6-mln-euro-asete-te-shqiperise-ne-eurocontrol-inatet-e-rames-qe-bien-mbi-albcontrol-dhe-pagat-e-punonjesve-a-genjeu-dje-balluku","status":"publish","type":"post","link":"https:\/\/zjarr.tv\/sq\/beccheti-ngriu-1-6-mln-euro-asete-te-shqiperise-ne-eurocontrol-inatet-e-rames-qe-bien-mbi-albcontrol-dhe-pagat-e-punonjesve-a-genjeu-dje-balluku\/","title":{"rendered":"Beccheti ngriu 1.6 mln euro asete t\u00eb Shqip\u00ebris\u00eb n\u00eb Eurocontrol, inatet e Ram\u00ebs q\u00eb bien mbi Albcontrol dhe pagat e punonj\u00ebsve, a g\u00ebnjeu dje Balluku?!"},"content":{"rendered":"<p>Situata me Albcontrol tregoi sesa t\u00eb brishta jan\u00eb nd\u00ebrmarrjet shqiptare edhe ato q\u00eb funksionojn\u00eb n\u00eb m\u00ebnyr\u00eb private. Refuzimi p\u00ebr t\u00eb punuar i 65 kontrollor\u00ebve q\u00eb k\u00ebrkojn\u00eb pagat e tyre \u00ebsht\u00eb par\u00eb si grusht shteti nga qeveria, nd\u00ebrsa ende pas m\u00eb shum\u00eb se 36 or\u00eb bllokim, autoritetet shqiptare ende nuk kan\u00eb sqaruar p\u00ebr publikun t\u00eb ardhurat dhe shpenzimet e Albcontrol. Ministrja e Energjis\u00eb Belinda Balluku tha dje se Albcontrol \u00ebsht\u00eb n\u00eb kriz\u00eb p\u00ebr shkak t\u00eb pandemis\u00eb dhe se Eurocontrol,\u00a0(<strong>nd\u00ebrmarrja evropiane ku b\u00ebn pjes\u00eb kompania<\/strong>),\u00a0nuk jep dot m\u00eb kredi p\u00ebr t\u00eb shlyer detyrime si paga etj.<\/p>\n<p><strong>Por pse vall\u00eb?<\/strong><\/p>\n<p>Nj\u00eb gjob\u00eb e fundit t\u00eb vitit 2020 e vendosur nga Gjykata Nd\u00ebrkomb\u00ebtare e Arbitrazhit, e cila detyron shtetin shqiptar q\u00eb ti paguaj\u00eb 110 milion\u00eb euro biznesmenit Fran\u00e7esko Beccheti p\u00ebr mbylljen e televizionit me vendim t\u00eb kryeministrit shqiptar Edi Rama. Kjo gjob\u00eb q\u00eb p\u00ebr kryeministrin \u00ebsht\u00eb asgj\u00eb dhe q\u00eb jo m\u00eb larg se dje tha se \u201c<strong><em>marifet\u00e7iu Beccheti bashk\u00eb me Ilirin dhe Saliun do t\u00eb marr\u00eb at\u00eb q\u00eb s\u2019thuhe<\/em><\/strong><strong>t<\/strong>\u201d, ka nisur t\u00eb ekzekutohet.<\/p>\n<p>Nj\u00eb shkrim n\u00eb janar t\u00eb vitit 2021 tregon sesi Beccheti ka nisur t\u00eb mbledh\u00eb parat\u00eb e tij, duke ngrir\u00eb llogarit\u00eb dhe asetet e shtetit shqiptar n\u00ebp\u00ebr bot\u00eb, p\u00ebr t\u00eb marr\u00eb parat\u00eb e fituara me gjyq. \u00a0Nj\u00eb nga asetet e prekura jan\u00eb edhe parat\u00eb e Albcontrol q\u00eb depozitohen n\u00eb kompanin\u00eb evropiane Eurocontrol.<\/p>\n<p>Avokat\u00ebt e biznesmenit ia dol\u00ebn q\u00eb t\u00eb bllokonin 1.6 milion\u00eb euro asete t\u00eb ngrira, q\u00eb do t\u00eb duhet ti takonin shtetit shqiptar por tashm\u00eb k\u00ebto para do t\u00eb shkojn\u00eb n\u00eb duart e Becchetti-t. Sipas mediave belge, kjo shum\u00eb duhet t\u00eb vazhdoj\u00eb t\u00eb rritet, ve\u00e7an\u00ebrisht pas rivendosjes s\u00eb udh\u00ebtimeve ajrore nd\u00ebrkomb\u00ebtare pas pandemis\u00eb.<\/p>\n<p>Por Balluku e shmangi arsyen sepse Eurocontrol nuk i jep dot m\u00eb para Albcontrollit, p\u00ebr t\u00eb shlyer paga apo p\u00ebr t\u00eb rritur rrogat e punonj\u00ebsve. Nj\u00eb nga arsyet tashm\u00eb dihet, gjoba e Bechettit ka nisur t\u00eb \u201cvilet\u201d. Goditja fatale ka nisur.<\/p>\n<p>&nbsp;<\/p>\n","protected":false},"excerpt":{"rendered":"<p>Situata me Albcontrol tregoi sesa t\u00eb brishta jan\u00eb nd\u00ebrmarrjet shqiptare edhe ato q\u00eb funksionojn\u00eb n\u00eb m\u00ebnyr\u00eb private. Refuzimi p\u00ebr t\u00eb punuar i 65 kontrollor\u00ebve q\u00eb k\u00ebrkojn\u00eb pagat e tyre \u00ebsht\u00eb par\u00eb si grusht shteti nga qeveria, nd\u00ebrsa ende pas m\u00eb shum\u00eb se 36 or\u00eb bllokim, autoritetet shqiptare ende nuk kan\u00eb sqaruar p\u00ebr publikun t\u00eb ardhurat [&hellip;]<\/p>\n","protected":false},"author":2030,"featured_media":176373,"comment_status":"closed","ping_status":"closed","sticky":false,"template":"","format":"standard","meta":{"footnotes":""},"categories":[241,1454],"tags":[2221,451,329],"class_list":{"0":"post-176372","1":"post","2":"type-post","3":"status-publish","4":"format-standard","5":"has-post-thumbnail","7":"category-aktualitet","8":"category-politike","9":"tag-becchetti","10":"tag-lajme-zjarr","11":"tag-zjarr-tv"},"_links":{"self":[{"href":"https:\/\/zjarr.tv\/sq\/wp-json\/wp\/v2\/posts\/176372","targetHints":{"allow":["GET"]}}],"collection":[{"href":"https:\/\/zjarr.tv\/sq\/wp-json\/wp\/v2\/posts"}],"about":[{"href":"https:\/\/zjarr.tv\/sq\/wp-json\/wp\/v2\/types\/post"}],"author":[{"embeddable":true,"href":"https:\/\/zjarr.tv\/sq\/wp-json\/wp\/v2\/users\/2030"}],"replies":[{"embeddable":true,"href":"https:\/\/zjarr.tv\/sq\/wp-json\/wp\/v2\/comments?post=176372"}],"version-history":[{"count":0,"href":"https:\/\/zjarr.tv\/sq\/wp-json\/wp\/v2\/posts\/176372\/revisions"}],"wp:featuredmedia":[{"embeddable":true,"href":"https:\/\/zjarr.tv\/sq\/wp-json\/wp\/v2\/media\/176373"}],"wp:attachment":[{"href":"https:\/\/zjarr.tv\/sq\/wp-json\/wp\/v2\/media?parent=176372"}],"wp:term":[{"taxonomy":"category","embeddable":true,"href":"https:\/\/zjarr.tv\/sq\/wp-json\/wp\/v2\/categories?post=176372"},{"taxonomy":"post_tag","embeddable":true,"href":"https:\/\/zjarr.tv\/sq\/wp-json\/wp\/v2\/tags?post=176372"}],"curies":[{"name":"wp","href":"https:\/\/api.w.org\/{rel}","templated":true}]}}