{"id":176376,"date":"2021-04-08T14:56:34","date_gmt":"2021-04-08T12:56:34","guid":{"rendered":"https:\/\/zjarr.tv\/?p=176376"},"modified":"2021-04-08T14:56:34","modified_gmt":"2021-04-08T12:56:34","slug":"do-te-ulet-mosha-e-vaksinimit-ne-gjithe-vendin-manastirliu-nderprerja-e-fluturimeve-ka-shkaktuar-vonesa-rama-kane-marre-persiper-te-sfidojne-kryeministrin-e-gabuar","status":"publish","type":"post","link":"https:\/\/zjarr.tv\/sq\/do-te-ulet-mosha-e-vaksinimit-ne-gjithe-vendin-manastirliu-nderprerja-e-fluturimeve-ka-shkaktuar-vonesa-rama-kane-marre-persiper-te-sfidojne-kryeministrin-e-gabuar\/","title":{"rendered":"\u201cDo t\u00eb ulet mosha e vaksinimit n\u00eb gjith\u00eb vendin\u201d, Manastirliu: Nd\u00ebrprerja e fluturimeve ka shkaktuar vonesa, Rama: Kan\u00eb marr\u00eb p\u00ebrsip\u00ebr t\u00eb sfidojn\u00eb kryeministrin e gabuar"},"content":{"rendered":"<p>Kryeministri Edi Rama dhe Ministrja e Sh\u00ebndet\u00ebsis\u00eb dhe Mbrojtjes Sociale, Ogerta Manastirliu, dit\u00ebn e sotme kan\u00eb ndjekur nga af\u00ebr vaksinimin e t\u00eb moshuarve n\u00eb Gjirokast\u00ebr.<\/p>\n<p>Ministrja Manastirliu \u00ebsht\u00eb shprehur se gjat\u00eb fundjav\u00ebs pritet t\u00eb ket\u00eb nj\u00eb ulje t\u00eb grupmosh\u00ebs s\u00eb vaksinimit n\u00eb t\u00eb gjith\u00eb vendin.<\/p>\n<p>\u201c<em>N\u00eb gjith\u00eb qarkun e Gjirokastr\u00ebs jan\u00eb kryer mbi 10 mij\u00eb vaksinime, nd\u00ebrsa n\u00eb t\u00ebr\u00ebsi kemi arritur mbi 230 mij\u00eb vaksinime. N\u00eb Gjirokast\u00ebr ne kemi filluar t\u00eb ulim grupmosh\u00ebn. Edhe pse n\u00eb fakt presim q\u00eb gjat\u00eb k\u00ebsaj fundjav\u00ebs t\u00eb kemi nj\u00eb ulje t\u00eb mosh\u00ebs n\u00eb gjith\u00eb vendin, pra + 65 vje\u00e7 dhe +60 ata me s\u00ebmundje kronike<\/em>\u201d, tha Manastirliu.<\/p>\n<p>Ministrja shtoi se nd\u00ebrprerja e fluturimeve ka b\u00ebr\u00eb q\u00eb t\u00eb ket\u00eb vonesa n\u00eb ardhjen e vaksinave, nd\u00ebrkoh\u00eb q\u00eb tha se jan\u00eb t\u00eb p\u00ebrgatitur p\u00ebr t\u00eb rritur ritmin e vaksinimit.<\/p>\n<p>\u201c<em>Kemi pasur pak v\u00ebshtir\u00ebsi sepse n\u00eb fakt pezullimi i linjave ajrore ka b\u00ebr\u00eb q\u00eb edhe vaksinat q\u00eb prisnim q\u00eb t\u00eb vinin, t\u00eb vonohen. Nd\u00ebrkoh\u00eb q\u00eb ne duam q\u00eb t\u00eb rrisim ritmin e vaksinimeve dhe jemi t\u00eb p\u00ebrgatitur p\u00ebr 20-30 mij\u00eb vaksinime n\u00eb dit\u00eb<\/em>\u201d, b\u00ebri me dije Manastirliu.<\/p>\n<p>Nga ana tjet\u00ebr, Rama u shpreh se ata q\u00eb kan\u00eb p\u00ebzulluar pun\u00ebn n\u00eb aeroportin \u2018N\u00ebn\u00eb Teresa\u2019, kan\u00eb zgjedhur qeverin\u00eb dhe kryeministrin e gabuar.<\/p>\n<p>Q\u00eb prej fillimit t\u00eb vaksinimit, n\u00eb vendin ton\u00eb jan\u00eb kryer n\u00eb total 232,556 doza t\u00eb vaksin\u00ebs ndaj COVID19, nga t\u00eb cilat jan\u00eb mbi 162 mij\u00eb t\u00eb moshuar t\u00eb vaksinuar.<\/p>\n","protected":false},"excerpt":{"rendered":"<p>Kryeministri Edi Rama dhe Ministrja e Sh\u00ebndet\u00ebsis\u00eb dhe Mbrojtjes Sociale, Ogerta Manastirliu, dit\u00ebn e sotme kan\u00eb ndjekur nga af\u00ebr vaksinimin e t\u00eb moshuarve n\u00eb Gjirokast\u00ebr. Ministrja Manastirliu \u00ebsht\u00eb shprehur se gjat\u00eb fundjav\u00ebs pritet t\u00eb ket\u00eb nj\u00eb ulje t\u00eb grupmosh\u00ebs s\u00eb vaksinimit n\u00eb t\u00eb gjith\u00eb vendin. \u201cN\u00eb gjith\u00eb qarkun e Gjirokastr\u00ebs jan\u00eb kryer mbi 10 mij\u00eb [&hellip;]<\/p>\n","protected":false},"author":2030,"featured_media":176377,"comment_status":"closed","ping_status":"closed","sticky":false,"template":"","format":"standard","meta":{"footnotes":""},"categories":[241,1454],"tags":[],"class_list":{"0":"post-176376","1":"post","2":"type-post","3":"status-publish","4":"format-standard","5":"has-post-thumbnail","7":"category-aktualitet","8":"category-politike"},"_links":{"self":[{"href":"https:\/\/zjarr.tv\/sq\/wp-json\/wp\/v2\/posts\/176376","targetHints":{"allow":["GET"]}}],"collection":[{"href":"https:\/\/zjarr.tv\/sq\/wp-json\/wp\/v2\/posts"}],"about":[{"href":"https:\/\/zjarr.tv\/sq\/wp-json\/wp\/v2\/types\/post"}],"author":[{"embeddable":true,"href":"https:\/\/zjarr.tv\/sq\/wp-json\/wp\/v2\/users\/2030"}],"replies":[{"embeddable":true,"href":"https:\/\/zjarr.tv\/sq\/wp-json\/wp\/v2\/comments?post=176376"}],"version-history":[{"count":0,"href":"https:\/\/zjarr.tv\/sq\/wp-json\/wp\/v2\/posts\/176376\/revisions"}],"wp:featuredmedia":[{"embeddable":true,"href":"https:\/\/zjarr.tv\/sq\/wp-json\/wp\/v2\/media\/176377"}],"wp:attachment":[{"href":"https:\/\/zjarr.tv\/sq\/wp-json\/wp\/v2\/media?parent=176376"}],"wp:term":[{"taxonomy":"category","embeddable":true,"href":"https:\/\/zjarr.tv\/sq\/wp-json\/wp\/v2\/categories?post=176376"},{"taxonomy":"post_tag","embeddable":true,"href":"https:\/\/zjarr.tv\/sq\/wp-json\/wp\/v2\/tags?post=176376"}],"curies":[{"name":"wp","href":"https:\/\/api.w.org\/{rel}","templated":true}]}}