{"id":176380,"date":"2021-04-08T14:58:35","date_gmt":"2021-04-08T12:58:35","guid":{"rendered":"https:\/\/zjarr.tv\/?p=176380"},"modified":"2021-04-08T14:58:35","modified_gmt":"2021-04-08T12:58:35","slug":"110-milione-eurot-e-becchetti-t-pd-padit-ne-spak-ramen-engjell-agacin-dhe-nje-sere-zyrtaresh-u-sollen-si-bande-mafioze-per-te-sulmuar-biznesmenin","status":"publish","type":"post","link":"https:\/\/zjarr.tv\/sq\/110-milione-eurot-e-becchetti-t-pd-padit-ne-spak-ramen-engjell-agacin-dhe-nje-sere-zyrtaresh-u-sollen-si-bande-mafioze-per-te-sulmuar-biznesmenin\/","title":{"rendered":"110 milion\u00eb eurot e Becchetti-t, PD padit n\u00eb SPAK Ram\u00ebn, \u00cbngj\u00ebll Aga\u00e7in dhe nj\u00eb s\u00ebr\u00eb zyrtar\u00ebsh: U soll\u00ebn si band\u00eb mafioze p\u00ebr t\u00eb sulmuar biznesmenin"},"content":{"rendered":"<p>Partia Demokratike ka kall\u00ebzuar n\u00eb SPAK kryeministrin Rama, Sekretarin e P\u00ebrgjithsh\u00ebm t\u00eb qeveris\u00eb \u00cbngj\u00ebll Aga\u00e7in dhe nj\u00eb s\u00ebr\u00eb zyrtar\u00ebsh t\u00eb tjer\u00eb, t\u00eb cil\u00ebt sipas PD-s\u00eb jan\u00eb p\u00ebrgjesgj\u00ebs p\u00ebr d\u00ebmshp\u00ebrblimin prej 110 milion\u00eb euro q\u00eb shteti shqiptar duhet t\u2019i paguaj biznesmenit Becchetti.<\/p>\n<p>Pas deponimit t\u00eb kall\u00ebzimit n\u00eb SPAK, Sekretari Ligjor i Partis\u00eb Demokratike Ivi Kaso p\u00ebrmes nj\u00eb prononcimi p\u00ebr media k\u00ebrkoi nga organi i akuz\u00ebs hetim t\u00eb shpejt dhe t\u00eb paansh\u00ebm.<\/p>\n<p><strong>DEKLARAT\u00cb E PARTIS\u00cb DEMOKRATIKE, IVI KASO<\/strong><\/p>\n<p><em>\u00c7\u00ebshtja e 110 milion\u00eb eurove t\u00eb humbura n\u00eb gjyqin me Bechetin p\u00ebr interesin personal t\u00eb Edi Ram\u00ebs nuk mund t\u00eb kaloj\u00eb vet\u00ebm me deklarata politike apo me zem\u00ebrimin e ligjsh\u00ebm t\u00eb qytetar\u00ebve.<\/em><\/p>\n<p><em>Kush u ka shkaktuar d\u00ebm q\u00ebllimisht shqiptar\u00ebve, do t\u00eb duhet t\u00eb p\u00ebrgjigjet p\u00ebrpara drejt\u00ebsis\u00eb.<\/em><\/p>\n<p><em>P\u00ebr k\u00ebt\u00eb arsye, sot dor\u00ebzuam n\u00eb SPAK kall\u00ebzimin kund\u00ebr personave ky\u00e7 q\u00eb po detyrojn\u00eb shqiptar\u00ebt t\u00eb paguajn\u00eb 110 milion\u00eb euro. Mes tyre jan\u00eb Edi Rama, kryeministri n\u00eb hije Engj\u00ebll Aga\u00e7i, me detyr\u00eb Sekretar i P\u00ebrgjithsh\u00ebm i K\u00ebshillit t\u00eb Ministrave, ish Avokatja e shtetit, Alma Hi\u00e7ka, e shkarkuar s\u00eb fundmi si gjyqtare p\u00ebr pasuri t\u00eb pajustifikuar, si dhe ish drejtues dhe aksioner\u00eb t\u00eb Top Channel, q\u00eb sot mbajn\u00eb detyra t\u00eb larta shtet\u00ebrore n\u00eb qeverin\u00eb e Edi Ram\u00ebs.<\/em><\/p>\n<p><em>Nga i gjith\u00eb shqyrtimi q\u00eb ne i kemi b\u00ebr\u00eb dosjes s\u00eb arbitrazhit nd\u00ebrkomb\u00ebtar, Shqip\u00ebria doli e humbur n\u00eb gjyqin me Bechettin, sepse k\u00ebshtu e kishte p\u00ebrcaktuar Edi Rama. Kryeministri u soll si nj\u00eb band\u00eb mafioze p\u00ebr t\u00eb sulmuar nj\u00eb biznesmen q\u00eb i prishte pun\u00eb, p\u00ebr t\u00eb ndihmuar nj\u00eb biznes tjet\u00ebr, me t\u00eb cilin ndajn\u00eb fitimet.<\/em><\/p>\n<p><em>Ky d\u00ebshtim i Edi Ram\u00ebs \u00ebsht\u00eb nj\u00eb nga faturat m\u00eb t\u00eb r\u00ebnda p\u00ebr Shqip\u00ebrin\u00eb dhe shqiptar\u00ebt. \u00cbsht\u00eb pjes\u00eb e d\u00ebshtimeve 8 vje\u00e7are q\u00eb kan\u00eb varf\u00ebruar qytetar\u00ebt, e kan\u00eb b\u00ebr\u00eb biznesin t\u00eb pasigurt, kan\u00eb larguar investimet e huaja, kan\u00eb mbyllur vendet e pun\u00ebs, na ka mbajtur larg Europ\u00ebs.<\/em><\/p>\n<p><em>Ky \u00ebsht\u00eb nj\u00eb rast i art\u00eb p\u00ebr SPAK, q\u00eb\u00a0 t\u2019u provoj\u00eb shqiptar\u00ebve se investimi i madh tek reforma n\u00eb drejt\u00ebsi po shp\u00ebrblehet dhe abuzimi me pushtetin nuk do t\u00eb kaloj\u00eb pa u nd\u00ebshkuar. \u00cbsht\u00eb shum\u00eb e r\u00ebnd\u00ebsishme q\u00eb p\u00ebr k\u00ebt\u00eb \u00e7\u00ebshtje SPAK t\u00eb hetoj\u00eb me shpejt\u00ebsi dhe paan\u00ebsi.<\/em><\/p>\n<p><em>T\u00eb dashur qytetar\u00eb!<\/em><\/p>\n<p><em>110 milion\u00eb euro jan\u00eb vet\u00ebm nj\u00eb pjes\u00eb e fatur\u00ebs s\u00eb d\u00ebshtimit t\u00eb Edi Ram\u00ebs. Edhe 4 vjet t\u00eb tjera, fatura do t\u00eb shum\u00ebfishihet n\u00eb kurrizin e f\u00ebmij\u00ebve tuaj! Ky \u00ebsht\u00eb nj\u00eb rast i art\u00eb edhe p\u00ebr ne si qytetar\u00eb, q\u00eb\u00a0 t\u00eb reflektojm\u00eb p\u00ebrpara se t\u00eb votojm\u00eb. T\u00eb mendojm\u00eb se kur Edi Rama na troket n\u00eb dor\u00eb, ta dim\u00eb se po na troket d\u00ebshtimi p\u00ebr t\u00eb tret\u00ebn her\u00eb. Ta dim\u00eb se vet\u00ebm me nj\u00eb gjyq t\u00eb humbur p\u00ebr arsye mafioze secili nga ne ka 45 mij\u00eb lek\u00eb borxh p\u00ebr t\u00eb paguar.<\/em><\/p>\n<p><em>Me Partin\u00eb Demokratike n\u00eb qeveri kjo nuk ka p\u00ebr t\u00eb ndodhur. Shqiptar\u00ebt nuk kan\u00eb p\u00ebr t\u00eb paguar p\u00ebr aferat mafioze dhe korruptive t\u00eb Edi Ram\u00ebs, Engj\u00ebll Aga\u00e7it apo Erion Veliajt. Do t\u00eb paguajn\u00eb ata vet\u00eb me pasurit\u00eb e tyre. K\u00ebt\u00eb do ta b\u00ebj\u00eb t\u00eb mundur Partia Demokratike n\u00eb dit\u00ebt e para pas vot\u00ebbesimit t\u00eb 25 Prillit.<\/em><\/p>\n<p><em>Kush ka p\u00ebrgjegj\u00ebsi p\u00ebr fatur\u00ebn 110 milion\u00eb euro, q\u00eb nga Edi Rama, Erion Veliaj, Engj\u00ebll Aga\u00e7i, Avokatura e Shtetit dhe kushdo qoft\u00eb, jo vet\u00ebm do t\u00eb shkojn\u00eb para drejt\u00ebsis\u00eb, por do t\u00eb paguajn\u00eb me pasurin\u00eb e tyre d\u00ebmin 110 milion\u00eb euro.<\/em><\/p>\n<p><em>Shqiptar\u00ebt duan drejt\u00ebsi dhe me Partin\u00eb Demokratike n\u00eb krye t\u00eb qeveris\u00eb do ta ken\u00eb at\u00eb! Ky \u00ebsht\u00eb ndryshimi! Ta b\u00ebjm\u00eb at\u00eb realitet n\u00eb 25 Prill duke votuar p\u00ebr PD dhe Lulzim Bash\u00ebn!<\/em><\/p>\n<p>&nbsp;<\/p>\n","protected":false},"excerpt":{"rendered":"<p>Partia Demokratike ka kall\u00ebzuar n\u00eb SPAK kryeministrin Rama, Sekretarin e P\u00ebrgjithsh\u00ebm t\u00eb qeveris\u00eb \u00cbngj\u00ebll Aga\u00e7in dhe nj\u00eb s\u00ebr\u00eb zyrtar\u00ebsh t\u00eb tjer\u00eb, t\u00eb cil\u00ebt sipas PD-s\u00eb jan\u00eb p\u00ebrgjesgj\u00ebs p\u00ebr d\u00ebmshp\u00ebrblimin prej 110 milion\u00eb euro q\u00eb shteti shqiptar duhet t\u2019i paguaj biznesmenit Becchetti. Pas deponimit t\u00eb kall\u00ebzimit n\u00eb SPAK, Sekretari Ligjor i Partis\u00eb Demokratike Ivi Kaso p\u00ebrmes [&hellip;]<\/p>\n","protected":false},"author":2030,"featured_media":176381,"comment_status":"closed","ping_status":"closed","sticky":false,"template":"","format":"standard","meta":{"footnotes":""},"categories":[241,1454],"tags":[451,2222,329],"class_list":{"0":"post-176380","1":"post","2":"type-post","3":"status-publish","4":"format-standard","5":"has-post-thumbnail","7":"category-aktualitet","8":"category-politike","9":"tag-lajme-zjarr","10":"tag-pd-padit-ne-spak-ramen","11":"tag-zjarr-tv"},"_links":{"self":[{"href":"https:\/\/zjarr.tv\/sq\/wp-json\/wp\/v2\/posts\/176380","targetHints":{"allow":["GET"]}}],"collection":[{"href":"https:\/\/zjarr.tv\/sq\/wp-json\/wp\/v2\/posts"}],"about":[{"href":"https:\/\/zjarr.tv\/sq\/wp-json\/wp\/v2\/types\/post"}],"author":[{"embeddable":true,"href":"https:\/\/zjarr.tv\/sq\/wp-json\/wp\/v2\/users\/2030"}],"replies":[{"embeddable":true,"href":"https:\/\/zjarr.tv\/sq\/wp-json\/wp\/v2\/comments?post=176380"}],"version-history":[{"count":0,"href":"https:\/\/zjarr.tv\/sq\/wp-json\/wp\/v2\/posts\/176380\/revisions"}],"wp:featuredmedia":[{"embeddable":true,"href":"https:\/\/zjarr.tv\/sq\/wp-json\/wp\/v2\/media\/176381"}],"wp:attachment":[{"href":"https:\/\/zjarr.tv\/sq\/wp-json\/wp\/v2\/media?parent=176380"}],"wp:term":[{"taxonomy":"category","embeddable":true,"href":"https:\/\/zjarr.tv\/sq\/wp-json\/wp\/v2\/categories?post=176380"},{"taxonomy":"post_tag","embeddable":true,"href":"https:\/\/zjarr.tv\/sq\/wp-json\/wp\/v2\/tags?post=176380"}],"curies":[{"name":"wp","href":"https:\/\/api.w.org\/{rel}","templated":true}]}}