{"id":176384,"date":"2021-04-08T15:08:28","date_gmt":"2021-04-08T13:08:28","guid":{"rendered":"https:\/\/zjarr.tv\/?p=176384"},"modified":"2021-04-08T15:08:28","modified_gmt":"2021-04-08T13:08:28","slug":"dita-nderkombetare-e-romeve-vojo-bregu-te-luftohet-diskriminimi-dhe-racizmi-ndaj-tyre","status":"publish","type":"post","link":"https:\/\/zjarr.tv\/sq\/dita-nderkombetare-e-romeve-vojo-bregu-te-luftohet-diskriminimi-dhe-racizmi-ndaj-tyre\/","title":{"rendered":"Dita Nd\u00ebrkomb\u00ebtare e Rom\u00ebve, Vojo Bregu: T\u00eb luftohet diskriminimi dhe racizmi ndaj tyre!"},"content":{"rendered":"<p>N\u00eb dit\u00ebn nd\u00ebrkomb\u00ebtare t\u00eb Rom\u00ebve, koordinatori politik i L\u00ebvizjes Socialiste p\u00ebr Integrim p\u00ebr Vor\u00ebn, Vojo Bregu ka dh\u00ebn\u00eb nj\u00eb mesazh kund\u00ebr racizmit ndaj tyre.<\/p>\n<p>N\u00eb nj\u00eb postim n\u00eb \u2018Facebook\u2019, Bregu shkruan se miliona euro donacione nga Bashkimi Europian t\u00eb akorduara p\u00ebr p\u00ebrmir\u00ebsimin e kushteve t\u00eb jetes\u00ebs s\u00eb komunitetit rom dhe integrimin e tyre n\u00eb shoq\u00ebri, devijojn\u00eb dhe p\u00ebrfundojn\u00eb n\u00eb xhepat e drejtuesve t\u00eb OJF-ve.<\/p>\n<p>Ai thekson se \u00ebsht\u00eb e domosdoshme t\u00eb luftohet diskriminimi dhe racizmi, t\u00eb zbatohen politika gjith\u00ebp\u00ebrfshir\u00ebse n\u00eb arsim, pun\u00ebsim, strehim dhe sh\u00ebndet\u00ebsi.<\/p>\n<p><strong>Mesazhi i Bregut:<\/strong><\/p>\n<p>\u201c<em>8 Prilli, Dita Nd\u00ebrkomb\u00ebtare e Rom\u00ebve<\/em><\/p>\n<p><em>\u201cRacizmi \u00ebsht\u00eb gj\u00ebja q\u00eb transformon ndryshimet n\u00eb pabarazi\u201d~T.B Jelloun<\/em><\/p>\n<p><em>Shkalla e lart\u00eb e papun\u00ebsis\u00eb, numri i ul\u00ebt i regjistrimit n\u00ebp\u00ebr shkolla, mungesa e kujdesit sh\u00ebndet\u00ebsor, kushtet e mjerueshme t\u00eb jetes\u00ebs s\u00eb shumic\u00ebs s\u00eb rom\u00ebve, tani jan\u00eb b\u00ebr\u00eb akoma m\u00eb t\u00eb v\u00ebshtira p\u00ebr shkak t\u00eb pandemis\u00eb dhe indiferenc\u00ebs s\u00eb shtetit.<\/em><\/p>\n<p><em>Miliona euro donacione nga Bashkimi Europian t\u00eb akorduara p\u00ebr p\u00ebrmir\u00ebsimin e kushteve t\u00eb jetes\u00ebs s\u00eb komunitetit rom dhe integrimin e tyre n\u00eb shoq\u00ebri, devijojn\u00eb dhe p\u00ebrfundojn\u00eb n\u00eb xhepat e drejtuesve t\u00eb OJF-ve.<\/em><\/p>\n<p><em>\u00cbsht\u00eb e domosdoshme t\u00eb luftohet diskriminimi dhe racizmi, t\u00eb zbatohen politika<\/em><\/p>\n<p><em>gjith\u00ebp\u00ebrfshir\u00ebse n\u00eb arsim, pun\u00ebsim, strehim dhe sh\u00ebndet\u00ebsi.<\/em><\/p>\n<p><em>Garantimi i t\u00eb drejtave t\u00eb njeriut dhe mbrojtja e t\u00eb drejtave t\u00eb pakicave komb\u00ebtare jan\u00eb hapa t\u00eb r\u00ebnd\u00ebsish\u00ebm drejt integrimit europian.\u201d<\/em><\/p>\n","protected":false},"excerpt":{"rendered":"<p>N\u00eb dit\u00ebn nd\u00ebrkomb\u00ebtare t\u00eb Rom\u00ebve, koordinatori politik i L\u00ebvizjes Socialiste p\u00ebr Integrim p\u00ebr Vor\u00ebn, Vojo Bregu ka dh\u00ebn\u00eb nj\u00eb mesazh kund\u00ebr racizmit ndaj tyre. N\u00eb nj\u00eb postim n\u00eb \u2018Facebook\u2019, Bregu shkruan se miliona euro donacione nga Bashkimi Europian t\u00eb akorduara p\u00ebr p\u00ebrmir\u00ebsimin e kushteve t\u00eb jetes\u00ebs s\u00eb komunitetit rom dhe integrimin e tyre n\u00eb shoq\u00ebri, [&hellip;]<\/p>\n","protected":false},"author":2030,"featured_media":176385,"comment_status":"closed","ping_status":"closed","sticky":false,"template":"","format":"standard","meta":{"footnotes":""},"categories":[241,1454],"tags":[],"class_list":{"0":"post-176384","1":"post","2":"type-post","3":"status-publish","4":"format-standard","5":"has-post-thumbnail","7":"category-aktualitet","8":"category-politike"},"_links":{"self":[{"href":"https:\/\/zjarr.tv\/sq\/wp-json\/wp\/v2\/posts\/176384","targetHints":{"allow":["GET"]}}],"collection":[{"href":"https:\/\/zjarr.tv\/sq\/wp-json\/wp\/v2\/posts"}],"about":[{"href":"https:\/\/zjarr.tv\/sq\/wp-json\/wp\/v2\/types\/post"}],"author":[{"embeddable":true,"href":"https:\/\/zjarr.tv\/sq\/wp-json\/wp\/v2\/users\/2030"}],"replies":[{"embeddable":true,"href":"https:\/\/zjarr.tv\/sq\/wp-json\/wp\/v2\/comments?post=176384"}],"version-history":[{"count":0,"href":"https:\/\/zjarr.tv\/sq\/wp-json\/wp\/v2\/posts\/176384\/revisions"}],"wp:featuredmedia":[{"embeddable":true,"href":"https:\/\/zjarr.tv\/sq\/wp-json\/wp\/v2\/media\/176385"}],"wp:attachment":[{"href":"https:\/\/zjarr.tv\/sq\/wp-json\/wp\/v2\/media?parent=176384"}],"wp:term":[{"taxonomy":"category","embeddable":true,"href":"https:\/\/zjarr.tv\/sq\/wp-json\/wp\/v2\/categories?post=176384"},{"taxonomy":"post_tag","embeddable":true,"href":"https:\/\/zjarr.tv\/sq\/wp-json\/wp\/v2\/tags?post=176384"}],"curies":[{"name":"wp","href":"https:\/\/api.w.org\/{rel}","templated":true}]}}