{"id":176388,"date":"2021-04-08T16:02:40","date_gmt":"2021-04-08T14:02:40","guid":{"rendered":"https:\/\/zjarr.tv\/?p=176388"},"modified":"2021-04-08T16:02:40","modified_gmt":"2021-04-08T14:02:40","slug":"miresevjen-burri-qe-ben-historine-rama-ia-le-kengen-ne-mes-grupit-polifonik-ne-gjirokaster","status":"publish","type":"post","link":"https:\/\/zjarr.tv\/sq\/miresevjen-burri-qe-ben-historine-rama-ia-le-kengen-ne-mes-grupit-polifonik-ne-gjirokaster\/","title":{"rendered":"\u201cMir\u00ebsevjen Burri q\u00eb b\u00ebn historin\u00eb!\u201d Rama ia l\u00eb k\u00ebng\u00ebn n\u00eb mes grupit polifonik n\u00eb Gjirokast\u00ebr"},"content":{"rendered":"<p>Kryeministri Edi Rama \u00ebsht\u00eb pritur me nj\u00eb k\u00ebng\u00eb t\u00eb ngjashme me ato q\u00eb i k\u00ebndoheshin diktatorit Enver Hoxha, dit\u00ebn e sotme n\u00eb Gjirokast\u00ebr.<\/p>\n<p>Teksa ecte n\u00eb rrug\u00ebn e Gjirokastr\u00ebs, an\u00ebtar\u00eb t\u00eb grupit polifonik i k\u00ebnduan \u201cMir\u00ebsevjen Edi Rama burri q\u00eb b\u00ebn historin\u00eb\u201d, nd\u00ebrsa ky i fundit ia ktheu me modesti duke i falenderuar \u201c<strong>that\u00eb\u201d<\/strong> \u201cJo, m jo, faleminderit!\u201d<\/p>\n<p>Rama nuk u ndje mir\u00eb dhe i p\u00ebrsh\u00ebndeti m\u00eb pas u largua duke ia l\u00ebn\u00eb n\u00eb mes k\u00ebng\u00ebn grupit polifonik.<\/p>\n<p>43 vite pas vizit\u00ebs s\u00eb diktatorit Enver Hoxha n\u00eb vendlindjen e tij, n\u00eb qytetin e Gjirokastr\u00ebs, k\u00ebnga origjinale e k\u00ebnduar nga Grupi i t\u00eb rinjve \u00ebsht\u00eb rip\u00ebrpunuar k\u00ebsaj here p\u00ebr kryeministrin Edi Rama.<\/p>\n","protected":false},"excerpt":{"rendered":"<p>Kryeministri Edi Rama \u00ebsht\u00eb pritur me nj\u00eb k\u00ebng\u00eb t\u00eb ngjashme me ato q\u00eb i k\u00ebndoheshin diktatorit Enver Hoxha, dit\u00ebn e sotme n\u00eb Gjirokast\u00ebr. Teksa ecte n\u00eb rrug\u00ebn e Gjirokastr\u00ebs, an\u00ebtar\u00eb t\u00eb grupit polifonik i k\u00ebnduan \u201cMir\u00ebsevjen Edi Rama burri q\u00eb b\u00ebn historin\u00eb\u201d, nd\u00ebrsa ky i fundit ia ktheu me modesti duke i falenderuar \u201cthat\u00eb\u201d \u201cJo, [&hellip;]<\/p>\n","protected":false},"author":2030,"featured_media":176389,"comment_status":"closed","ping_status":"closed","sticky":false,"template":"","format":"standard","meta":{"footnotes":""},"categories":[241,1454],"tags":[],"class_list":{"0":"post-176388","1":"post","2":"type-post","3":"status-publish","4":"format-standard","5":"has-post-thumbnail","7":"category-aktualitet","8":"category-politike"},"_links":{"self":[{"href":"https:\/\/zjarr.tv\/sq\/wp-json\/wp\/v2\/posts\/176388","targetHints":{"allow":["GET"]}}],"collection":[{"href":"https:\/\/zjarr.tv\/sq\/wp-json\/wp\/v2\/posts"}],"about":[{"href":"https:\/\/zjarr.tv\/sq\/wp-json\/wp\/v2\/types\/post"}],"author":[{"embeddable":true,"href":"https:\/\/zjarr.tv\/sq\/wp-json\/wp\/v2\/users\/2030"}],"replies":[{"embeddable":true,"href":"https:\/\/zjarr.tv\/sq\/wp-json\/wp\/v2\/comments?post=176388"}],"version-history":[{"count":0,"href":"https:\/\/zjarr.tv\/sq\/wp-json\/wp\/v2\/posts\/176388\/revisions"}],"wp:featuredmedia":[{"embeddable":true,"href":"https:\/\/zjarr.tv\/sq\/wp-json\/wp\/v2\/media\/176389"}],"wp:attachment":[{"href":"https:\/\/zjarr.tv\/sq\/wp-json\/wp\/v2\/media?parent=176388"}],"wp:term":[{"taxonomy":"category","embeddable":true,"href":"https:\/\/zjarr.tv\/sq\/wp-json\/wp\/v2\/categories?post=176388"},{"taxonomy":"post_tag","embeddable":true,"href":"https:\/\/zjarr.tv\/sq\/wp-json\/wp\/v2\/tags?post=176388"}],"curies":[{"name":"wp","href":"https:\/\/api.w.org\/{rel}","templated":true}]}}