{"id":176451,"date":"2021-04-08T20:12:08","date_gmt":"2021-04-08T18:12:08","guid":{"rendered":"https:\/\/zjarr.tv\/?p=176451"},"modified":"2021-04-08T20:12:08","modified_gmt":"2021-04-08T18:12:08","slug":"sindikata-europiane-jemi-te-tmerruar-nga-lajmet-qe-vijne-nga-shqiperia-lironi-menjehere-koleget-tanekjo-eshte-e-papranueshme","status":"publish","type":"post","link":"https:\/\/zjarr.tv\/sq\/sindikata-europiane-jemi-te-tmerruar-nga-lajmet-qe-vijne-nga-shqiperia-lironi-menjehere-koleget-tanekjo-eshte-e-papranueshme\/","title":{"rendered":"Sindikata europiane: Jemi t\u00eb tmerruar nga lajmet q\u00eb vijn\u00eb nga Shqip\u00ebria , lironi menj\u00ebher\u00eb koleg\u00ebt tan\u00eb,kjo \u00ebsht\u00eb e papranueshme&#8230;"},"content":{"rendered":"<p>Sindikata Europiane e Kontrollor\u00ebve ATCEUC ka reaguar p\u00ebrmes nj\u00eb njoftimi zyrtar n\u00eb lidhje me arrestimin e tre punonj\u00ebsve t\u00eb trafikut ajror n\u00eb vendin ton\u00eb.<\/p>\n<p>&nbsp;<\/p>\n<p>N\u00eb komunikat\u00eb theksohet se unioni i kontrollor\u00ebve europian\u00eb \u00ebsht\u00eb i tmerruar nga lajmet q\u00eb vijn\u00eb nga Shqip\u00ebria.<\/p>\n<p>&nbsp;<\/p>\n<p>Teksa e cil\u00ebson arrestimin e tre kontrollor\u00ebve si nj\u00eb veprim jot \u00eb p\u00ebrshtatsh\u00ebm p\u00ebr nj\u00eb vend q\u00eb aspiron t\u00eb hyj\u00eb n\u00eb Bashkimin Europian, unioni k\u00ebrkon lirimin e menj\u00ebhersh\u00ebm t\u00eb tyre.<\/p>\n<p>&nbsp;<\/p>\n<p>Njoftimi i plot\u00eb: ATCEUC \u00ebsht\u00eb tmerruar nga lajmet e fundit nga Shqip\u00ebria. Kontrolluesit e Trafikut Ajror t\u00eb cil\u00ebt vet\u00ebm t\u00eb Enjten e kaluar u takuan me Presidentin e vendit t\u00eb tyre p\u00ebr t\u00eb shprehur frik\u00ebn dhe shqet\u00ebsimet e tyre n\u00eb lidhje me trajtimin e tyre n\u00eb duart e pun\u00ebdh\u00ebn\u00ebsit t\u00eb tyre Albcontrol, jan\u00eb shkarkuar dhe arrestuar n\u00eb m\u00ebnyr\u00eb t\u00eb p\u00ebrmbledhur.<\/p>\n<p>&nbsp;<\/p>\n<p>N\u00eb nj\u00eb vend q\u00eb aspiron t\u00eb b\u00ebhet an\u00ebtar i BE \u00ebsht\u00eb e papranueshme q\u00eb pun\u00ebtor\u00ebt thelb\u00ebsor\u00eb, t\u00eb r\u00ebnd\u00ebsish\u00ebm p\u00ebr sigurin\u00eb mund t\u00eb pushohen nga puna dhe p\u00ebrfundimisht t\u00eb arrestohen thjesht p\u00ebr kryerjen e detyrave t\u00eb tyre n\u00eb p\u00ebrputhje me rregulloret e BE ose p\u00ebr transmetimin e shqet\u00ebsimeve t\u00eb tyre publikisht kur pun\u00ebdh\u00ebn\u00ebsi i tyre refuzon t\u00eb d\u00ebgjoj\u00eb ose angazhohuni me ta, nj\u00eb pun\u00ebdh\u00ebn\u00ebs q\u00eb n\u00eb fund t\u00eb fundit \u00ebsht\u00eb p\u00ebrgjegj\u00ebs p\u00ebr sigurin\u00eb e pasagjer\u00ebve q\u00eb udh\u00ebtojn\u00eb n\u00ebp\u00ebr qiellin shqiptar.<\/p>\n<p>&nbsp;<\/p>\n<p>Albcontrol ka ulur n\u00eb m\u00ebnyr\u00eb t\u00eb nj\u00ebanshme pagat e punonj\u00ebsve t\u00eb tyre deri n\u00eb 70% pa u konsultuar apo edhe biseduar me Sindikatat t\u00eb cilat p\u00ebrfaq\u00ebsojn\u00eb pun\u00ebtor\u00ebt e tyre. Albcontrol ka refuzuar \u00e7do k\u00ebrkes\u00eb t\u00eb Sindikatave p\u00ebr t\u00eb negociuar nj\u00eb marr\u00ebveshje kolektive t\u00eb p\u00ebrgjegjshme p\u00ebr t\u00eb zgjidhur k\u00ebt\u00eb kriz\u00eb, nj\u00eb pozicion i cili i ka v\u00ebn\u00eb punonj\u00ebsit e saj n\u00ebn nj\u00eb stres t\u00eb jasht\u00ebzakonsh\u00ebm shtes\u00eb n\u00eb mes t\u00eb nj\u00eb krize globale.<\/p>\n<p>&nbsp;<\/p>\n<p>Si mundet q\u00eb Shqip\u00ebria ta shoh\u00eb veten t\u00eb denj\u00eb p\u00ebr nj\u00eb t\u00eb ardhme t\u00eb ndritshme t\u00eb re si nj\u00eb an\u00ebtare e BE kur reagimi i saj ndaj pun\u00ebtor\u00ebve q\u00eb ndjekin t\u00eb drejtat e tyre themelore \u00ebsht\u00eb t\u00eb veproj\u00eb n\u00eb nj\u00eb m\u00ebnyr\u00eb q\u00eb t\u00eb kujton nj\u00eb t\u00eb kaluar t\u00eb err\u00ebt staliniste q\u00eb ne shpresonim se ishte varrosur dhe t\u00eb arrestonte ata q\u00eb i kund\u00ebrshtonin ato ?<\/p>\n<p>&nbsp;<\/p>\n<p>Kjo \u00ebsht\u00eb edhe m\u00eb shqet\u00ebsuese, ATCEUC ASBL C \/ O MERITIUS, 431, Avenue Georges Henri, 1200 Bruksel, Belgjik\u00eb (zona gjyq\u00ebsore e Brukselit) Numri i TVSH-s\u00eb BE 0684.488.814 kur Kontrolluesit NUK veprojn\u00eb politikisht por kryejn\u00eb detyrat e tyre sipas t\u00eb dy dhe Rregulloret Evropiane. An\u00ebtar\u00ebsimi n\u00eb BE k\u00ebrkon q\u00eb Shqip\u00ebria t\u00eb respektoj\u00eb jo vet\u00ebm Rregulloret Evropiane por edhe Konvent\u00ebn Evropiane p\u00ebr t\u00eb Drejtat e Njeriut dhe Shtyll\u00ebn Evropiane t\u00eb t\u00eb Drejtave Sociale, ajo duhet t\u00eb l\u00ebr\u00eb pas t\u00eb gjitha m\u00ebnyrat e vjetra t\u00eb s\u00eb kaluar\u00ebs dhe t\u00eb p\u00ebrqafoj\u00eb plot\u00ebsisht t\u00eb drejtat e pun\u00ebtor\u00ebve dhe p\u00ebrgjegj\u00ebsit\u00eb e saj ndaj siguris\u00eb s\u00eb aviacionit t\u00eb komuniteteve m\u00eb t\u00eb gjera evropiane (p.sh. K\u00ebshilli i Evrop\u00ebs, ECAC) n\u00eb t\u00eb cilin ata jan\u00eb an\u00ebtar\u00eb.<\/p>\n<p>&nbsp;<\/p>\n<p>ATCEUC k\u00ebrkon q\u00eb \u00e7do institucion i BE-s\u00eb me marr\u00ebdh\u00ebniet n\u00eb Shqip\u00ebri t\u00eb p\u00ebrdor\u00eb ndikimin e tyre m\u00eb t\u00eb plot\u00eb p\u00ebr t\u00eb ndihmuar Shqip\u00ebrin\u00eb t\u00eb shoh\u00eb se arrestimi i shtetasve t\u00eb saj q\u00eb thjesht po p\u00ebrmbushin detyrat dhe t\u00eb drejtat e tyre sipas Ligjit Komb\u00ebtar dhe Evropian n\u00eb vend q\u00eb t\u00eb hyjn\u00eb n\u00eb nj\u00eb dialog kuptimplot\u00eb dhe konstruktiv me ta mund t\u00eb shihet si nj\u00eb shenj\u00eb se nuk \u00ebsht\u00eb e gatshme t\u00eb bashkohet me Bashkimin Evropian dhe se lirimi dhe rivendosja e tyre \u00ebsht\u00eb nj\u00eb hap themelor n\u00eb rrug\u00ebn e an\u00ebtar\u00ebsimit t\u00eb plot\u00eb n\u00eb BE.<\/p>\n<p>&nbsp;<\/p>\n<p>ATCEUC ka humbur \u00e7do kontakt me koleg\u00ebt tan\u00eb shqiptar\u00eb dhe \u00ebsht\u00eb thell\u00ebsisht i m\u00ebrzitur nga ky zhvillim dhe i shqet\u00ebsuar p\u00ebr mir\u00ebqenien e tyre, ne k\u00ebrkojm\u00eb q\u00eb autoritetet shqiptare t\u00eb lirojn\u00eb menj\u00ebher\u00eb koleg\u00ebt tan\u00eb.<\/p>\n","protected":false},"excerpt":{"rendered":"<p>Sindikata Europiane e Kontrollor\u00ebve ATCEUC ka reaguar p\u00ebrmes nj\u00eb njoftimi zyrtar n\u00eb lidhje me arrestimin e tre punonj\u00ebsve t\u00eb trafikut ajror n\u00eb vendin ton\u00eb. &nbsp; N\u00eb komunikat\u00eb theksohet se unioni i kontrollor\u00ebve europian\u00eb \u00ebsht\u00eb i tmerruar nga lajmet q\u00eb vijn\u00eb nga Shqip\u00ebria. &nbsp; Teksa e cil\u00ebson arrestimin e tre kontrollor\u00ebve si nj\u00eb veprim jot \u00eb [&hellip;]<\/p>\n","protected":false},"author":2031,"featured_media":176452,"comment_status":"closed","ping_status":"closed","sticky":false,"template":"","format":"standard","meta":{"footnotes":""},"categories":[241,231,235],"tags":[312,2234,329],"class_list":{"0":"post-176451","1":"post","2":"type-post","3":"status-publish","4":"format-standard","5":"has-post-thumbnail","7":"category-aktualitet","8":"category-lajme","9":"category-vendi","10":"tag-lajme","11":"tag-sindikata-europiane","12":"tag-zjarr-tv"},"_links":{"self":[{"href":"https:\/\/zjarr.tv\/sq\/wp-json\/wp\/v2\/posts\/176451","targetHints":{"allow":["GET"]}}],"collection":[{"href":"https:\/\/zjarr.tv\/sq\/wp-json\/wp\/v2\/posts"}],"about":[{"href":"https:\/\/zjarr.tv\/sq\/wp-json\/wp\/v2\/types\/post"}],"author":[{"embeddable":true,"href":"https:\/\/zjarr.tv\/sq\/wp-json\/wp\/v2\/users\/2031"}],"replies":[{"embeddable":true,"href":"https:\/\/zjarr.tv\/sq\/wp-json\/wp\/v2\/comments?post=176451"}],"version-history":[{"count":0,"href":"https:\/\/zjarr.tv\/sq\/wp-json\/wp\/v2\/posts\/176451\/revisions"}],"wp:featuredmedia":[{"embeddable":true,"href":"https:\/\/zjarr.tv\/sq\/wp-json\/wp\/v2\/media\/176452"}],"wp:attachment":[{"href":"https:\/\/zjarr.tv\/sq\/wp-json\/wp\/v2\/media?parent=176451"}],"wp:term":[{"taxonomy":"category","embeddable":true,"href":"https:\/\/zjarr.tv\/sq\/wp-json\/wp\/v2\/categories?post=176451"},{"taxonomy":"post_tag","embeddable":true,"href":"https:\/\/zjarr.tv\/sq\/wp-json\/wp\/v2\/tags?post=176451"}],"curies":[{"name":"wp","href":"https:\/\/api.w.org\/{rel}","templated":true}]}}