{"id":176461,"date":"2021-04-09T07:54:47","date_gmt":"2021-04-09T05:54:47","guid":{"rendered":"https:\/\/zjarr.tv\/?p=176461"},"modified":"2021-04-09T07:55:21","modified_gmt":"2021-04-09T05:55:21","slug":"rama-kontrolloreve-edhe-une-stres-kam-te-dal-te-ankohem-tani-te-me-rrisni-rrogen-skam-bere-asnje-rritje-rroge-per-qeverine","status":"publish","type":"post","link":"https:\/\/zjarr.tv\/sq\/rama-kontrolloreve-edhe-une-stres-kam-te-dal-te-ankohem-tani-te-me-rrisni-rrogen-skam-bere-asnje-rritje-rroge-per-qeverine\/","title":{"rendered":"Rama kontrollor\u00ebve: Edhe un\u00eb stres kam, t\u00eb dal t\u00eb ankohem tani t\u00eb m\u00eb rrisni rrog\u00ebn, s\u2019kam b\u00ebr\u00eb asnj\u00eb rritje rroge p\u00ebr qeverin\u00eb\u2026"},"content":{"rendered":"<p>Kryeministri Edi Rama, ka akuzuar s\u00ebrish Presidentin Ilir Meta dhe ish-kryeministrin Sali Berisha, q\u00eb sipas tij ishin pas bllokimit t\u00eb Rinasit. Ai ngriti pyetjen se p\u00ebrse Ilir Meta, i priti n\u00eb takim pak dit\u00eb m\u00eb par\u00eb kontrollor\u00ebt? Shefi i qeveris\u00eb, shtoi se kishte informacion p\u00ebr planin e kontrollor\u00ebve.<\/p>\n<p><em style=\"font-weight: inherit;\">\u201cSi ndodhi q\u00eb ne menj\u00ebher\u00eb ishim gati p\u00ebr t\u00eb vendosur planin n\u00eb veprim? Mjafton nj\u00eb inteligjenc\u00eb natyrale p\u00ebr t\u00eb njohur si funksionon mendja e Ilir Met\u00ebs kur H\u00ebna \u00ebsht\u00eb p\u00ebrmbys dhe kjo periudh\u00eb Met\u00ebs po i zgjat p\u00ebr nj\u00eb periudh\u00eb anomale. P\u00ebr\u00e7apja q\u00eb b\u00ebn Ilir Meta me kontrollor\u00ebt, se \u00e7far\u00eb pune ka q\u00eb i pret, se \u00e7ka mes tij dhe kontrollor\u00ebve nj\u00eb leshko, leshko, pastaj Saliu dhe Meta e tha vet\u00eb; ishte vet\u00eb-shpallja e tij si njeriu\u2026Nuk do i shiste aq kollaj, b\u00ebri nj\u00eb shitje dhe blerje q\u00eb rezultoi as shitje as blerje.\u201d<\/em>\u00a0-tha Rama.<\/p>\n<p>Rama ka p\u00ebrg\u00ebnjeshtruar akuzat e opozit\u00ebs, se AlbControl n\u00eb koh\u00ebn q\u00eb u ka shkurtuar pagat kontrollor\u00ebve, ka b\u00ebr\u00eb tendera me vler\u00eb deri n\u00eb 5 mln euro.<\/p>\n<p><em style=\"font-weight: inherit;\"> \u201cNuk ka pasur tendera dhe investime, por mir\u00ebmbajtje dhe mir\u00ebmbajtja n\u00eb AlbControl \u00ebsht\u00eb jetike. K\u00ebto jan\u00eb t\u00eb gjitha dokrra. Ka njohur nj\u00eb transformim spektakolar kur \u00ebsht\u00eb hequr nga kthetrat e leshkove\u201d<\/em> tha ai. Gjat\u00eb bised\u00ebs, Edi Rama tha s\u2019e t\u00eb gjith\u00eb kan\u00eb stres n\u00eb pun\u00ebn e tyre, ku p\u00ebrfshiu edhe veten e tij. <em style=\"font-weight: inherit;\">\u201cPo pse un\u00eb nuk kam stres, po ca do t\u00eb dal\u00eb t\u00eb ankohem m\u00eb rrisni rrog\u00ebn? Nuk kemi b\u00ebr\u00eb asnj\u00eb rritje rroge p\u00ebr qeverin\u00eb q\u00eb kur kam ardhur. Ka nj\u00eb arsye kjo, plus k\u00ebsaj, n\u00eb periudh\u00ebn e par\u00eb p\u00ebrgjysmuam rrogat e deputet\u00ebve kur ishim n\u00eb ato kushtet e v\u00ebshtira.<\/em><\/p>\n<p><em style=\"font-weight: inherit;\">Po pse stres nuk kan\u00eb ata q\u00eb rrin\u00eb atje n\u00eb dogana dhe pika kufitare, apo n\u00eb sh\u00ebrbime pa fund? Po k\u00ebta jan\u00eb n\u00eb kull\u00eb, \u00e7far\u00eb stresi kan\u00eb, stresi \u00ebsht\u00eb i barabart\u00eb me at\u00eb q\u00eb kan\u00eb marr\u00eb p\u00ebrsip\u00ebr, \u00ebsht\u00eb i mitiguar me nj\u00eb rrog\u00eb shum\u00eb t\u00eb madhe. Ne ishim menduar p\u00ebr m\u00eb t\u00eb keqen. Ne kemi qart\u00ebsisht at\u00eb arsyen p\u00ebr t\u00eb qen\u00eb t\u00eb p\u00ebrgatitur\u201d<\/em>, u shpreh Rama.<\/p>\n<p>&nbsp;<\/p>\n","protected":false},"excerpt":{"rendered":"<p>Kryeministri Edi Rama, ka akuzuar s\u00ebrish Presidentin Ilir Meta dhe ish-kryeministrin Sali Berisha, q\u00eb sipas tij ishin pas bllokimit t\u00eb Rinasit. Ai ngriti pyetjen se p\u00ebrse Ilir Meta, i priti n\u00eb takim pak dit\u00eb m\u00eb par\u00eb kontrollor\u00ebt? Shefi i qeveris\u00eb, shtoi se kishte informacion p\u00ebr planin e kontrollor\u00ebve. \u201cSi ndodhi q\u00eb ne menj\u00ebher\u00eb ishim gati [&hellip;]<\/p>\n","protected":false},"author":2016,"featured_media":176463,"comment_status":"closed","ping_status":"closed","sticky":false,"template":"","format":"standard","meta":{"footnotes":""},"categories":[241],"tags":[2236],"class_list":{"0":"post-176461","1":"post","2":"type-post","3":"status-publish","4":"format-standard","5":"has-post-thumbnail","7":"category-aktualitet","8":"tag-lajme-zjarr-rama-edhe-une-stres-kam-zjarr-tv"},"_links":{"self":[{"href":"https:\/\/zjarr.tv\/sq\/wp-json\/wp\/v2\/posts\/176461","targetHints":{"allow":["GET"]}}],"collection":[{"href":"https:\/\/zjarr.tv\/sq\/wp-json\/wp\/v2\/posts"}],"about":[{"href":"https:\/\/zjarr.tv\/sq\/wp-json\/wp\/v2\/types\/post"}],"author":[{"embeddable":true,"href":"https:\/\/zjarr.tv\/sq\/wp-json\/wp\/v2\/users\/2016"}],"replies":[{"embeddable":true,"href":"https:\/\/zjarr.tv\/sq\/wp-json\/wp\/v2\/comments?post=176461"}],"version-history":[{"count":0,"href":"https:\/\/zjarr.tv\/sq\/wp-json\/wp\/v2\/posts\/176461\/revisions"}],"wp:featuredmedia":[{"embeddable":true,"href":"https:\/\/zjarr.tv\/sq\/wp-json\/wp\/v2\/media\/176463"}],"wp:attachment":[{"href":"https:\/\/zjarr.tv\/sq\/wp-json\/wp\/v2\/media?parent=176461"}],"wp:term":[{"taxonomy":"category","embeddable":true,"href":"https:\/\/zjarr.tv\/sq\/wp-json\/wp\/v2\/categories?post=176461"},{"taxonomy":"post_tag","embeddable":true,"href":"https:\/\/zjarr.tv\/sq\/wp-json\/wp\/v2\/tags?post=176461"}],"curies":[{"name":"wp","href":"https:\/\/api.w.org\/{rel}","templated":true}]}}