{"id":176464,"date":"2021-04-09T08:07:17","date_gmt":"2021-04-09T06:07:17","guid":{"rendered":"https:\/\/zjarr.tv\/?p=176464"},"modified":"2021-04-09T08:08:11","modified_gmt":"2021-04-09T06:08:11","slug":"edi-rama-iken-pa-mbaruar-emisioni-mjaft-me-pyetje-se-me-lodhet-votoni-interesin-tuaj-se-pa-mua-audiencat-tuaja-bien","status":"publish","type":"post","link":"https:\/\/zjarr.tv\/sq\/edi-rama-iken-pa-mbaruar-emisioni-mjaft-me-pyetje-se-me-lodhet-votoni-interesin-tuaj-se-pa-mua-audiencat-tuaja-bien\/","title":{"rendered":"Edi Rama ik\u00ebn pa mbaruar emisioni: Mjaft me pyetje se m\u00eb lodh\u00ebt, votoni interesin tuaj, se pa mua audiencat tuaja bien\u2026"},"content":{"rendered":"<p>Mbr\u00ebmjen e djeshme, Kryeministri Edi Rama, ishte i ftuar n\u00eb emisionin \u201cLog\u201d, p\u00ebrball\u00eb gazetarit Endri Xhafo n\u00eb ABC. Biseda me Xhafon dhe dy panelist\u00ebt Mentor Nazarko dhe Erlis \u00c7ela, ishte e fort\u00eb dhe trajtoi shum\u00eb \u00e7\u00ebshtje t\u00eb r\u00ebnd\u00ebsishme, nd\u00ebrsa Kryeministri Edi Rama pas 2 or\u00eb e 30 minuta, u largua nga studio e improvizuar n\u00eb Sarand\u00eb, pasi ndihej i lodhur.<\/p>\n<p><strong>Debati n\u00eb studio<\/strong><\/p>\n<p><strong>Edi Rama:<\/strong>\u00a0Nuk do t\u00eb m\u00eb b\u00ebni m\u00eb asnj\u00eb pyetje tani, do t\u00eb m\u00eb lini t\u00eb iki, m\u00eb shkat\u00ebrrua\u2026.M\u00eb jepni t\u00eb drejt\u00eb mua, se ju do t\u00eb merreni me blloqe publicitare do t\u00eb m\u00eb mbani k\u00ebtu, e di un\u00eb sesi funksionon, jam produkti juaj m\u00eb i r\u00ebnd\u00ebsish\u00ebm publicitar k\u00ebshtu q\u00eb jeni ata q\u00eb jeni m\u00eb t\u00eb interesuar q\u00eb n\u00eb 25 Prill t\u00eb votoni p\u00ebr interesin tuaj t\u00eb m\u00eb keni mua prap\u00eb.<\/p>\n<p><strong>Endri Xhafo<\/strong>: Nazarko do ju pyeste p\u00ebr politik\u00ebn e jashtme\u2026<\/p>\n<p><strong>Edi Rama:<\/strong>\u00a0Greqia dhe Turqia nes\u00ebr jan\u00eb te kulla dhe do t\u00eb na ndihmojn\u00eb.<\/p>\n<p><strong>Endri Xhafo:<\/strong>\u00a0Mos e hiqni mikrofonin se nuk doli asnj\u00eb gj\u00eb.<\/p>\n<p><strong>Mentor Nazarko:<\/strong>\u00a0Ja arrit\u00ebt q\u00ebllimit t\u00eb pajtonit grek\u00ebt dhe turqit te kulla e kontrollit shqiptar.<\/p>\n<p><strong>Edi Rama:<\/strong>\u00a0Nuk ka r\u00ebnd\u00ebsi, do t\u00eb jen\u00eb bashk\u00eb aty, do t\u00eb bashk\u00ebpunojn\u00eb p\u00ebr t\u00eb garantuar q\u00eb ne ta kalojm\u00eb k\u00ebt\u00eb situat\u00eb duke rip\u00ebrt\u00ebrir\u00eb edhe trup\u00ebn atje.<\/p>\n<p><strong>Endri Xhafo:<\/strong>\u00a0Ta b\u00ebj un\u00eb mbylljen p\u00ebrpara se t\u00eb hiqni mikrofonin?<\/p>\n<p><em>Edi Rama ngrihet dhe largohet nga studio e improvizuar<\/em><\/p>\n<p><strong>Endri Xhafo:<\/strong>\u00a0Mir\u00eb ju vazhdoni, ne b\u00ebjm\u00eb mbylljen\u2026<\/p>\n<p><strong>Edi Rama:<\/strong>\u00a0Do merreni me blloqe publicitare do t\u00eb m\u00eb mbani k\u00ebtu, e di un\u00eb si funksionon, jam produkti juaj m\u00eb i r\u00ebnd\u00ebsish\u00ebm publicitar\u2026.<\/p>\n<p><strong>Endri Xhafo:<\/strong>\u00a0Pa ne ndoshta nuk do t\u00eb kishit ekzistuar politikisht. Do t\u00eb kishit ekzistuar politikisht pa mediat?<\/p>\n<p><strong>Edi Rama:\u00a0<\/strong>Jeni ata m\u00eb t\u00eb interesuarit q\u00eb n\u00eb 25 Prill t\u00eb votoni p\u00ebr interesin tuaj pasi, q\u00eb t\u00eb m\u00eb keni mua prap\u00eb, pasi pa mua audiencat tuaja bien.<\/p>\n<p><strong>Endri Xhafo:<\/strong>\u00a0Ju faleminderit, gjith\u00eb t\u00eb mirat, respekte<\/p>\n<p><strong>Edi Rama:<\/strong>\u00a0Mirupafshim<\/p>\n<p><strong>Endri Xhafo:<\/strong>\u00a0E mbyllim n\u00eb m\u00ebnyr\u00eb pak t\u00eb pazakont\u00eb k\u00ebtu Log. Kemi qen\u00eb p\u00ebr 2 or\u00eb e 30 minuta nga Saranda. Ka shum\u00eb \u00e7\u00ebshtje q\u00eb mbeten, por nj\u00eb intervist\u00eb nuk mund t\u00eb jet\u00eb totalisht shteruese, \u00ebsht\u00eb e tep\u00ebrt t\u00eb kesh ambicien p\u00ebr t\u00eb pasur nj\u00eb intervist\u00eb shteruese, q\u00eb ti thot\u00eb t\u00eb gjitha.<\/p>\n<p>&nbsp;<\/p>\n","protected":false},"excerpt":{"rendered":"<p>Mbr\u00ebmjen e djeshme, Kryeministri Edi Rama, ishte i ftuar n\u00eb emisionin \u201cLog\u201d, p\u00ebrball\u00eb gazetarit Endri Xhafo n\u00eb ABC. Biseda me Xhafon dhe dy panelist\u00ebt Mentor Nazarko dhe Erlis \u00c7ela, ishte e fort\u00eb dhe trajtoi shum\u00eb \u00e7\u00ebshtje t\u00eb r\u00ebnd\u00ebsishme, nd\u00ebrsa Kryeministri Edi Rama pas 2 or\u00eb e 30 minuta, u largua nga studio e improvizuar n\u00eb [&hellip;]<\/p>\n","protected":false},"author":2016,"featured_media":176466,"comment_status":"closed","ping_status":"closed","sticky":false,"template":"","format":"standard","meta":{"footnotes":""},"categories":[241,1454],"tags":[2237],"class_list":{"0":"post-176464","1":"post","2":"type-post","3":"status-publish","4":"format-standard","5":"has-post-thumbnail","7":"category-aktualitet","8":"category-politike","9":"tag-lajme-zjarr-rama-pa-mua-audiencat-tuaja-bien-zjarr-tv"},"_links":{"self":[{"href":"https:\/\/zjarr.tv\/sq\/wp-json\/wp\/v2\/posts\/176464","targetHints":{"allow":["GET"]}}],"collection":[{"href":"https:\/\/zjarr.tv\/sq\/wp-json\/wp\/v2\/posts"}],"about":[{"href":"https:\/\/zjarr.tv\/sq\/wp-json\/wp\/v2\/types\/post"}],"author":[{"embeddable":true,"href":"https:\/\/zjarr.tv\/sq\/wp-json\/wp\/v2\/users\/2016"}],"replies":[{"embeddable":true,"href":"https:\/\/zjarr.tv\/sq\/wp-json\/wp\/v2\/comments?post=176464"}],"version-history":[{"count":0,"href":"https:\/\/zjarr.tv\/sq\/wp-json\/wp\/v2\/posts\/176464\/revisions"}],"wp:featuredmedia":[{"embeddable":true,"href":"https:\/\/zjarr.tv\/sq\/wp-json\/wp\/v2\/media\/176466"}],"wp:attachment":[{"href":"https:\/\/zjarr.tv\/sq\/wp-json\/wp\/v2\/media?parent=176464"}],"wp:term":[{"taxonomy":"category","embeddable":true,"href":"https:\/\/zjarr.tv\/sq\/wp-json\/wp\/v2\/categories?post=176464"},{"taxonomy":"post_tag","embeddable":true,"href":"https:\/\/zjarr.tv\/sq\/wp-json\/wp\/v2\/tags?post=176464"}],"curies":[{"name":"wp","href":"https:\/\/api.w.org\/{rel}","templated":true}]}}