{"id":176475,"date":"2021-04-09T08:47:16","date_gmt":"2021-04-09T06:47:16","guid":{"rendered":"https:\/\/zjarr.tv\/?p=176475"},"modified":"2021-04-09T08:47:57","modified_gmt":"2021-04-09T06:47:57","slug":"rinisin-fluturimet-ne-aeoroportin-e-rinasit-mbetet-mister-kush-do-te-jene-kontrolloret","status":"publish","type":"post","link":"https:\/\/zjarr.tv\/sq\/rinisin-fluturimet-ne-aeoroportin-e-rinasit-mbetet-mister-kush-do-te-jene-kontrolloret\/","title":{"rendered":"Rinisin fluturimet n\u00eb aeoroportin e Rinasit\/ Mbetet mister kush do t\u00eb jen\u00eb kontrollor\u00ebt\u2026"},"content":{"rendered":"<p>Nga ora 09:00 e m\u00ebngjesit t\u00eb sot\u00ebm, pritet q\u00eb t\u00eb rinis\u00eb fluturimi i avion\u00ebve me qytetar\u00eb nga aeroporti i Rinasit, pas dy dit\u00ebve n\u00eb kolaps\u00a0si pasoj\u00eb e p\u00ebrplasjes s\u00eb kontrollor\u00ebve t\u00eb AlbControll me qeverin\u00eb shqiptare, q\u00eb \u00e7oi n\u00eb ndalimin e tre prej tyre dhe me largimin e p\u00ebrkohsh\u00ebm nga puna, t\u00eb dhjetra t\u00eb tjer\u00ebve.<\/p>\n<p>Ka qen\u00eb Ministrja Belinda Balluku, ajo q\u00eb ka b\u00ebr\u00eb me dije pas mesnate, se do t\u00eb rinis\u00eb transporti ajror i udh\u00ebtar\u00ebve, nj\u00eb pjes\u00eb e t\u00eb cil\u00ebve b\u00ebjn\u00eb me dije burimet tashm\u00eb kan\u00eb nisur check-in n\u00eb Rinas.<\/p>\n<p>Fluturimet e para q\u00eb parashikohen t\u00eb b\u00ebhen paraditen e sotme, t\u00eb konfirmuara dhe nga TIA, jan\u00eb ai me Bolonj\u00ebn e Italis\u00eb apo me Brukselin, nd\u00ebrsa ende mbetet p\u00ebr t\u2019u konfirmuar se nga kush do t\u00eb b\u00ebhet puna e kontrollor\u00ebve, n\u00eb kull\u00ebn e vrojtimit.<\/p>\n<p>Gjat\u00eb dit\u00ebs s\u00eb djeshme, u fol se nj\u00eb pjes\u00eb e tyre kan\u00eb ardhur nga Turqia, nd\u00ebrsa n\u00eb mbr\u00ebmje kryeministri Edi Rama, tha se do t\u00eb kthehen n\u00eb pun\u00eb nj\u00eb pjes\u00eb e kontrollor\u00ebve shqiptar\u00eb, t\u00eb cil\u00ebt kishin shpallur paaft\u00ebsin\u00eb e p\u00ebrkohshme p\u00ebr pun\u00eb, pas shkarkimit t\u00eb disa prej koleg\u00ebve t\u00eb tyre, dhe p\u00ebrgjysmimit t\u00eb pagave prej m\u00eb shum\u00eb se nj\u00eb viti.<\/p>\n<p>N\u00eb nj\u00eb reagim t\u00eb b\u00ebr\u00eb publik gjat\u00eb dit\u00ebs s\u00eb djeshme, Eurocontrol nuk komentoi l\u00ebvizjet e pal\u00ebs shqiptare, por u kujdes t\u00eb sakt\u00ebsonte se n\u00eb hap\u00ebsir\u00ebn shqiptare, nuk do t\u00eb d\u00ebrgoheshin avion\u00eb, sa koh\u00eb q\u00eb situata ishte e pasigurt.<\/p>\n<p>Kjo \u00e7\u00ebshtje u shnd\u00ebrrua dhe n\u00eb nj\u00eb sken\u00eb p\u00ebrplasjesh politike, ku kryeministri Edi Rama, pa u shk\u00ebputur asnj\u00eb dit\u00eb nga fushata, p\u00ebr t\u00eb gjetur nj\u00eb zgjidhje, b\u00ebnte fajtor p\u00ebr k\u00ebt\u00eb \u201dgrusht shteti\u201d ish-kryeministrin Sali Berisha dhe Presidentin Ilir Meta.<\/p>\n<p>&nbsp;<\/p>\n","protected":false},"excerpt":{"rendered":"<p>Nga ora 09:00 e m\u00ebngjesit t\u00eb sot\u00ebm, pritet q\u00eb t\u00eb rinis\u00eb fluturimi i avion\u00ebve me qytetar\u00eb nga aeroporti i Rinasit, pas dy dit\u00ebve n\u00eb kolaps\u00a0si pasoj\u00eb e p\u00ebrplasjes s\u00eb kontrollor\u00ebve t\u00eb AlbControll me qeverin\u00eb shqiptare, q\u00eb \u00e7oi n\u00eb ndalimin e tre prej tyre dhe me largimin e p\u00ebrkohsh\u00ebm nga puna, t\u00eb dhjetra t\u00eb tjer\u00ebve. Ka [&hellip;]<\/p>\n","protected":false},"author":2016,"featured_media":176477,"comment_status":"closed","ping_status":"closed","sticky":false,"template":"","format":"standard","meta":{"footnotes":""},"categories":[241],"tags":[2240],"class_list":{"0":"post-176475","1":"post","2":"type-post","3":"status-publish","4":"format-standard","5":"has-post-thumbnail","7":"category-aktualitet","8":"tag-lajme-zjarr-rinisin-fluturimet-ne-aeoroportin-e-rinasit-zjarr-tv"},"_links":{"self":[{"href":"https:\/\/zjarr.tv\/sq\/wp-json\/wp\/v2\/posts\/176475","targetHints":{"allow":["GET"]}}],"collection":[{"href":"https:\/\/zjarr.tv\/sq\/wp-json\/wp\/v2\/posts"}],"about":[{"href":"https:\/\/zjarr.tv\/sq\/wp-json\/wp\/v2\/types\/post"}],"author":[{"embeddable":true,"href":"https:\/\/zjarr.tv\/sq\/wp-json\/wp\/v2\/users\/2016"}],"replies":[{"embeddable":true,"href":"https:\/\/zjarr.tv\/sq\/wp-json\/wp\/v2\/comments?post=176475"}],"version-history":[{"count":0,"href":"https:\/\/zjarr.tv\/sq\/wp-json\/wp\/v2\/posts\/176475\/revisions"}],"wp:featuredmedia":[{"embeddable":true,"href":"https:\/\/zjarr.tv\/sq\/wp-json\/wp\/v2\/media\/176477"}],"wp:attachment":[{"href":"https:\/\/zjarr.tv\/sq\/wp-json\/wp\/v2\/media?parent=176475"}],"wp:term":[{"taxonomy":"category","embeddable":true,"href":"https:\/\/zjarr.tv\/sq\/wp-json\/wp\/v2\/categories?post=176475"},{"taxonomy":"post_tag","embeddable":true,"href":"https:\/\/zjarr.tv\/sq\/wp-json\/wp\/v2\/tags?post=176475"}],"curies":[{"name":"wp","href":"https:\/\/api.w.org\/{rel}","templated":true}]}}