{"id":176479,"date":"2021-04-09T08:56:22","date_gmt":"2021-04-09T06:56:22","guid":{"rendered":"https:\/\/zjarr.tv\/?p=176479"},"modified":"2021-04-09T08:57:17","modified_gmt":"2021-04-09T06:57:17","slug":"presidenti-ilir-meta-edi-rama-eshte-i-tmerruar-nga-personaliteti-i-im-dhe-i-berishes","status":"publish","type":"post","link":"https:\/\/zjarr.tv\/sq\/presidenti-ilir-meta-edi-rama-eshte-i-tmerruar-nga-personaliteti-i-im-dhe-i-berishes\/","title":{"rendered":"Presidenti Ilir Meta: Edi Rama \u00ebsht\u00eb i tmerruar nga personaliteti i im dhe i Berish\u00ebs\u2026"},"content":{"rendered":"<p>Presidenti i Republik\u00ebs, Ilir Meta, \u00ebsht\u00eb shprehur se qeveria e ka sajuar situat\u00ebn e krijuar, n\u00eb aeroportin e Rinasit. Gjat\u00eb nj\u00eb interviste televizive, Meta thot\u00eb se qeveria k\u00ebrkon q\u00eb t\u00eb t\u00ebrheq\u00eb Presidentin n\u00eb \u201cloj\u00ebn\u201d e tyre.<\/p>\n<p>Presidenti u \u00ebsht\u00eb p\u00ebrgjigjur akuzave t\u00eb Kryeministrit Edi Rama, lidhur me ng\u00ebr\u00e7in e krijuar n\u00eb aeroport, duke th\u00ebn\u00eb se \u201cai \u00ebsht\u00eb i tmerruar nga personaliteti i tij dhe i Berish\u00ebs.<\/p>\n<p><em>\u00a0\u201cKa deklarat\u00eb m\u00eb rrumpall\u00eb se kjo q\u00eb nuk ka asnj\u00eb lidhje me reagimin e nj\u00eb kryeministri normal dhe as me situat\u00ebn. \u00cbsht\u00eb nj\u00eb provokim ndaj Presidentit me q\u00ebllim q\u00eb t\u00eb bjer\u00eb n\u00eb nj\u00eb loj\u00eb \u00e7iliminjsh t\u00eb pap\u00ebrgjegjsh\u00ebm si\u00e7 ishte historia e aeroportit q\u00eb ka sajuar. \u00c7\u00ebshtja e aeroportit \u00ebsht\u00eb nj\u00eb shpikje. Do shikoni edhe loj\u00ebra n\u00eb vijim se dhe un\u00eb kam nj\u00eb lajm t\u00eb zi p\u00ebr t\u00eb gjith\u00eb ata q\u00eb nuk e duan demokracin\u00eb se zgjedhjet e 25 prillit do t\u00eb mbahen. <\/em><\/p>\n<p><em>Kryeministri Rama \u00ebsht\u00eb i tmerruar nga personaliteti im dhe i zotit Berisha, por ngaq\u00eb i njoh dhe t\u00eb gjith\u00eb politikan\u00eb e tjer\u00eb n\u00eb k\u00ebto 30 vite p\u00ebr shkak t\u00eb eksperienc\u00ebs. Kuptohet q\u00eb zoti Berisha \u00ebsht\u00eb nj\u00eb nga personalitet m\u00eb t\u00eb politik\u00ebn shqiptare dhe zoti Rama nuk mund t\u00eb nd\u00ebrtoj dot raporte partneriteti me t\u00eb tjer\u00ebt, qoft\u00eb me kund\u00ebrshtar\u00ebt apo ata q\u00eb mund t\u00eb ket\u00eb n\u00eb koalicion. Partneriteti \u00ebsht\u00eb i llojeve t\u00eb ndryshme bazuar mbi disa parime, mbi disa norma.<\/em><\/p>\n<p><em>Ai ka gjithmon\u00eb marr\u00ebdh\u00ebnie t\u00eb tilla t\u00eb cilat kan\u00eb t\u00eb b\u00ebjn\u00eb thjesht\u00eb me raportin me pushtetin. Kur ai ka pushtet dhe mendon q\u00eb t\u00eb tjer\u00ebt jan\u00eb n\u00ebn pushtetin e tij ka marr\u00ebdh\u00ebnie t\u00eb shtypjes t\u00eb vendosjes s\u00eb \u00e7izmes n\u00eb qaf\u00ebn e vart\u00ebsve. Jo nuk e shqet\u00ebson sepse personalitet i zotit Basha \u00ebsht\u00eb nj\u00eb personalitet i nj\u00eb politikani n\u00eb Bashkimin Europian. Zoti Rama, si nj\u00eb politikan tipik i modelit lindor, i stilit bizantin, i cili p\u00ebrmbysur gjith\u00eb rregullat e loj\u00ebs<\/em>.\u201d-tha Presidenti Meta.<\/p>\n<p>&nbsp;<\/p>\n","protected":false},"excerpt":{"rendered":"<p>Presidenti i Republik\u00ebs, Ilir Meta, \u00ebsht\u00eb shprehur se qeveria e ka sajuar situat\u00ebn e krijuar, n\u00eb aeroportin e Rinasit. Gjat\u00eb nj\u00eb interviste televizive, Meta thot\u00eb se qeveria k\u00ebrkon q\u00eb t\u00eb t\u00ebrheq\u00eb Presidentin n\u00eb \u201cloj\u00ebn\u201d e tyre. Presidenti u \u00ebsht\u00eb p\u00ebrgjigjur akuzave t\u00eb Kryeministrit Edi Rama, lidhur me ng\u00ebr\u00e7in e krijuar n\u00eb aeroport, duke th\u00ebn\u00eb se [&hellip;]<\/p>\n","protected":false},"author":2016,"featured_media":176481,"comment_status":"closed","ping_status":"closed","sticky":false,"template":"","format":"standard","meta":{"footnotes":""},"categories":[241],"tags":[2241],"class_list":{"0":"post-176479","1":"post","2":"type-post","3":"status-publish","4":"format-standard","5":"has-post-thumbnail","7":"category-aktualitet","8":"tag-lajme-zjarr-flet-presidenti-ilir-meta-zjarr-tv"},"_links":{"self":[{"href":"https:\/\/zjarr.tv\/sq\/wp-json\/wp\/v2\/posts\/176479","targetHints":{"allow":["GET"]}}],"collection":[{"href":"https:\/\/zjarr.tv\/sq\/wp-json\/wp\/v2\/posts"}],"about":[{"href":"https:\/\/zjarr.tv\/sq\/wp-json\/wp\/v2\/types\/post"}],"author":[{"embeddable":true,"href":"https:\/\/zjarr.tv\/sq\/wp-json\/wp\/v2\/users\/2016"}],"replies":[{"embeddable":true,"href":"https:\/\/zjarr.tv\/sq\/wp-json\/wp\/v2\/comments?post=176479"}],"version-history":[{"count":0,"href":"https:\/\/zjarr.tv\/sq\/wp-json\/wp\/v2\/posts\/176479\/revisions"}],"wp:featuredmedia":[{"embeddable":true,"href":"https:\/\/zjarr.tv\/sq\/wp-json\/wp\/v2\/media\/176481"}],"wp:attachment":[{"href":"https:\/\/zjarr.tv\/sq\/wp-json\/wp\/v2\/media?parent=176479"}],"wp:term":[{"taxonomy":"category","embeddable":true,"href":"https:\/\/zjarr.tv\/sq\/wp-json\/wp\/v2\/categories?post=176479"},{"taxonomy":"post_tag","embeddable":true,"href":"https:\/\/zjarr.tv\/sq\/wp-json\/wp\/v2\/tags?post=176479"}],"curies":[{"name":"wp","href":"https:\/\/api.w.org\/{rel}","templated":true}]}}