{"id":176482,"date":"2021-04-09T09:04:58","date_gmt":"2021-04-09T07:04:58","guid":{"rendered":"https:\/\/zjarr.tv\/?p=176482"},"modified":"2021-04-09T09:05:21","modified_gmt":"2021-04-09T07:05:21","slug":"cfare-deklaroi-ministri-pa-lejen-e-rames-qe-habiti-kryeministrin-se-kuptoj-si-mund-ta-thote-ahmetaj-kete","status":"publish","type":"post","link":"https:\/\/zjarr.tv\/sq\/cfare-deklaroi-ministri-pa-lejen-e-rames-qe-habiti-kryeministrin-se-kuptoj-si-mund-ta-thote-ahmetaj-kete\/","title":{"rendered":"\u00c7far\u00eb deklaroi Ministri \u201cpa lejen\u201d e Ram\u00ebs q\u00eb habiti Kryeministrin\/ Se kuptoj si mund ta thot\u00eb Ahmetaj k\u00ebt\u00eb?"},"content":{"rendered":"<p>Kryeministri Rama, u pyet mbi nj\u00eb deklarat\u00eb t\u00eb Ministrit t\u00eb Rind\u00ebrtimit Arben Ahmetaj, i cili ka deklaruar se n\u00eb sezonin turistik, Shqip\u00ebria mund t\u00eb ofroj\u00eb vaksinim kundrejt pages\u00ebs p\u00ebr turist\u00ebt.<\/p>\n<p>Por, kjo pyetje nuk \u00ebsht\u00eb pritur dhe aq mir\u00eb nga Kryeministri, i cili u habit p\u00ebr deklarat\u00ebn e Ahmetajt dhe tha se nuk e kupton si mund t\u00eb thot\u00eb di\u00e7ka t\u00eb till\u00eb Ahmetaj.<\/p>\n<p><em>\u201cMinistri Arben Ahmetaj ka th\u00ebn\u00eb se n\u00eb sezonin turistik ne mund t\u00eb ofrojm\u00eb nj\u00eb sh\u00ebrbim p\u00ebr turist\u00ebt q\u00eb kundrejt nj\u00eb pagese t\u00eb kryejn\u00eb vaksin\u00ebn. Sa e v\u00ebrtet \u00ebsht\u00eb kjo dhe a do t\u00eb ofrohet?<\/em>\u201d, gazetari.<\/p>\n<p><em>\u201cMund\u00ebsia p\u00ebr t\u00eb vaksinuar turist\u00ebt mund t\u00eb ndodh, por \u00ebsht\u00eb shum\u00eb her\u00ebt p\u00ebr t\u00eb folur p\u00ebr k\u00ebt\u00eb. Duhen par\u00eb si do manovrohet m\u00eb tej. Por gjithsesi nuk e konfirmoj fare k\u00ebt\u00eb, se kuptoj si e paska th\u00ebn\u00eb Arben Ahmetaj k\u00ebt\u00eb\u201d,<\/em>\u00a0k\u00ebshtu u shpreh Rama.<\/p>\n<p>&nbsp;<\/p>\n","protected":false},"excerpt":{"rendered":"<p>Kryeministri Rama, u pyet mbi nj\u00eb deklarat\u00eb t\u00eb Ministrit t\u00eb Rind\u00ebrtimit Arben Ahmetaj, i cili ka deklaruar se n\u00eb sezonin turistik, Shqip\u00ebria mund t\u00eb ofroj\u00eb vaksinim kundrejt pages\u00ebs p\u00ebr turist\u00ebt. Por, kjo pyetje nuk \u00ebsht\u00eb pritur dhe aq mir\u00eb nga Kryeministri, i cili u habit p\u00ebr deklarat\u00ebn e Ahmetajt dhe tha se nuk e kupton [&hellip;]<\/p>\n","protected":false},"author":2016,"featured_media":176484,"comment_status":"closed","ping_status":"closed","sticky":false,"template":"","format":"standard","meta":{"footnotes":""},"categories":[241],"tags":[2242],"class_list":{"0":"post-176482","1":"post","2":"type-post","3":"status-publish","4":"format-standard","5":"has-post-thumbnail","7":"category-aktualitet","8":"tag-lajme-zjarr-ahmetaj-habit-kryeministrin-zjarr-tv"},"_links":{"self":[{"href":"https:\/\/zjarr.tv\/sq\/wp-json\/wp\/v2\/posts\/176482","targetHints":{"allow":["GET"]}}],"collection":[{"href":"https:\/\/zjarr.tv\/sq\/wp-json\/wp\/v2\/posts"}],"about":[{"href":"https:\/\/zjarr.tv\/sq\/wp-json\/wp\/v2\/types\/post"}],"author":[{"embeddable":true,"href":"https:\/\/zjarr.tv\/sq\/wp-json\/wp\/v2\/users\/2016"}],"replies":[{"embeddable":true,"href":"https:\/\/zjarr.tv\/sq\/wp-json\/wp\/v2\/comments?post=176482"}],"version-history":[{"count":0,"href":"https:\/\/zjarr.tv\/sq\/wp-json\/wp\/v2\/posts\/176482\/revisions"}],"wp:featuredmedia":[{"embeddable":true,"href":"https:\/\/zjarr.tv\/sq\/wp-json\/wp\/v2\/media\/176484"}],"wp:attachment":[{"href":"https:\/\/zjarr.tv\/sq\/wp-json\/wp\/v2\/media?parent=176482"}],"wp:term":[{"taxonomy":"category","embeddable":true,"href":"https:\/\/zjarr.tv\/sq\/wp-json\/wp\/v2\/categories?post=176482"},{"taxonomy":"post_tag","embeddable":true,"href":"https:\/\/zjarr.tv\/sq\/wp-json\/wp\/v2\/tags?post=176482"}],"curies":[{"name":"wp","href":"https:\/\/api.w.org\/{rel}","templated":true}]}}