{"id":176492,"date":"2021-04-09T09:33:44","date_gmt":"2021-04-09T07:33:44","guid":{"rendered":"https:\/\/zjarr.tv\/?p=176492"},"modified":"2021-04-09T09:34:05","modified_gmt":"2021-04-09T07:34:05","slug":"arjan-cani-ngre-alarmin-shume-kane-frike-ta-bejne-kete-gje-qytetareve-duhet-tua-thote-dikush-2-3-dite-para-votimit","status":"publish","type":"post","link":"https:\/\/zjarr.tv\/sq\/arjan-cani-ngre-alarmin-shume-kane-frike-ta-bejne-kete-gje-qytetareve-duhet-tua-thote-dikush-2-3-dite-para-votimit\/","title":{"rendered":"Arjan \u00c7ani ngre alarmin: Shum\u00eb kan\u00eb frik\u00eb ta b\u00ebjn\u00eb k\u00ebt\u00eb gj\u00eb, qytetar\u00ebve duhet t\u2019ua thot\u00eb dikush 2-3 dit\u00eb para votimit\u2026"},"content":{"rendered":"<p>Mbr\u00ebmjen e djeshme, moderatori Arjan \u00c7ani, u shpreh se rasti i sjelljes s\u00eb kontrollor\u00ebve nga Turqia, tregon drejtimin q\u00eb mund t\u00eb marr\u00eb Shqip\u00ebria.<\/p>\n<p><em>\u201cM\u00eb 25 prill ne do t\u00eb votojm\u00eb. A do t\u00eb an\u00ebtar\u00ebsohemi me Erdoganin apo n\u00eb BE? Njer\u00ebzit sado t\u00eb palexuar t\u00eb jen\u00eb, n\u00eb nj\u00eb moment t\u00eb caktuar 2-3 dit\u00eb para votimit dikush duhet tua thot\u00eb. Af\u00ebrsia e tij me neootoman\u00ebt \u00ebsht\u00eb e frikshme. Shum\u00eb kan\u00eb frik\u00eb ta b\u00ebjn\u00eb k\u00ebt\u00eb gj\u00eb. Orientimi i Shqip\u00ebris\u00eb nga do t\u00eb jet\u00eb. Kjo me Albcontrolin \u00ebsht\u00eb nj\u00eb shenj\u00eb e vog\u00ebl se ku po shkojm\u00eb.\u201d,<\/em>\u00a0\u2013 u shpreh Arjan \u00c7ani.<\/p>\n<p>&nbsp;<\/p>\n","protected":false},"excerpt":{"rendered":"<p>Mbr\u00ebmjen e djeshme, moderatori Arjan \u00c7ani, u shpreh se rasti i sjelljes s\u00eb kontrollor\u00ebve nga Turqia, tregon drejtimin q\u00eb mund t\u00eb marr\u00eb Shqip\u00ebria. \u201cM\u00eb 25 prill ne do t\u00eb votojm\u00eb. A do t\u00eb an\u00ebtar\u00ebsohemi me Erdoganin apo n\u00eb BE? Njer\u00ebzit sado t\u00eb palexuar t\u00eb jen\u00eb, n\u00eb nj\u00eb moment t\u00eb caktuar 2-3 dit\u00eb para votimit dikush [&hellip;]<\/p>\n","protected":false},"author":2016,"featured_media":176494,"comment_status":"closed","ping_status":"closed","sticky":false,"template":"","format":"standard","meta":{"footnotes":""},"categories":[241],"tags":[2245],"class_list":{"0":"post-176492","1":"post","2":"type-post","3":"status-publish","4":"format-standard","5":"has-post-thumbnail","7":"category-aktualitet","8":"tag-lajme-zjarr-arjan-cani-ngre-alarmin-zjarr-tv"},"_links":{"self":[{"href":"https:\/\/zjarr.tv\/sq\/wp-json\/wp\/v2\/posts\/176492","targetHints":{"allow":["GET"]}}],"collection":[{"href":"https:\/\/zjarr.tv\/sq\/wp-json\/wp\/v2\/posts"}],"about":[{"href":"https:\/\/zjarr.tv\/sq\/wp-json\/wp\/v2\/types\/post"}],"author":[{"embeddable":true,"href":"https:\/\/zjarr.tv\/sq\/wp-json\/wp\/v2\/users\/2016"}],"replies":[{"embeddable":true,"href":"https:\/\/zjarr.tv\/sq\/wp-json\/wp\/v2\/comments?post=176492"}],"version-history":[{"count":0,"href":"https:\/\/zjarr.tv\/sq\/wp-json\/wp\/v2\/posts\/176492\/revisions"}],"wp:featuredmedia":[{"embeddable":true,"href":"https:\/\/zjarr.tv\/sq\/wp-json\/wp\/v2\/media\/176494"}],"wp:attachment":[{"href":"https:\/\/zjarr.tv\/sq\/wp-json\/wp\/v2\/media?parent=176492"}],"wp:term":[{"taxonomy":"category","embeddable":true,"href":"https:\/\/zjarr.tv\/sq\/wp-json\/wp\/v2\/categories?post=176492"},{"taxonomy":"post_tag","embeddable":true,"href":"https:\/\/zjarr.tv\/sq\/wp-json\/wp\/v2\/tags?post=176492"}],"curies":[{"name":"wp","href":"https:\/\/api.w.org\/{rel}","templated":true}]}}