{"id":176495,"date":"2021-04-09T09:46:54","date_gmt":"2021-04-09T07:46:54","guid":{"rendered":"https:\/\/zjarr.tv\/?p=176495"},"modified":"2021-04-09T09:48:50","modified_gmt":"2021-04-09T07:48:50","slug":"flet-eksperti-kontrolloret-turq-smund-te-nisin-pune-pa-dy-jave-trajnim-nese-do-te-ishin-nga-nje-vend-i-be-se-ndryshonte-puna","status":"publish","type":"post","link":"https:\/\/zjarr.tv\/sq\/flet-eksperti-kontrolloret-turq-smund-te-nisin-pune-pa-dy-jave-trajnim-nese-do-te-ishin-nga-nje-vend-i-be-se-ndryshonte-puna\/","title":{"rendered":"Flet Eksperti: Kontrollor\u00ebt turq s\u2019mund t\u00eb nisin pun\u00eb pa dy jav\u00eb trajnim, n\u00ebse do t\u00eb ishin nga nj\u00eb vend i BE-s\u00eb ndryshonte puna\u2026"},"content":{"rendered":"<p>Dritan Goxhaj, ish-pilot dhe ish-shef i operacioneve t\u00eb fluturimit ne Autoritetin e Aviacionit Civil, n\u00eb nj\u00eb intervist\u00eb p\u00ebr gazetaren e Fax news, tha se marrja e kontrollor\u00ebve nga Turqia, \u00ebsht\u00eb n\u00eb kushtet e paligjshm\u00ebris\u00eb. Goxhaj tha se n\u00eb rastin e shteteve q\u00eb nuk jan\u00eb pjes\u00eb e BE-s\u00eb dhe nuk jan\u00eb pjes\u00eb e marr\u00ebveshjes nd\u00ebrkomb\u00ebtare \u201done sky\u201d, kontrollor\u00ebt duhet t\u00eb pakt\u00ebn dy jav\u00eb q\u00eb t\u00eb trajnohen dhe m\u00eb pas t\u00eb marrin certifikat\u00ebn nga AAC.<\/p>\n<p><em>\u201cN\u00eb rast se ti sjell kontrollor\u00eb t\u00eb huaj, ata duhet t\u00eb jen\u00eb ose t\u00eb vendeve t\u00eb BE-s\u00eb, ose nga shtete q\u00eb jan\u00eb pjes\u00eb e marr\u00ebveshje nd\u00ebrkomb\u00ebtare, ose nj\u00eb marr\u00ebveshje direkte q\u00eb duhet t\u00eb kishte b\u00ebr\u00eb kryeministri shqiptar me presidentin turk.<\/em><em>Ne b\u00ebjm\u00eb pjes\u00eb n\u00eb at\u00eb q\u00eb quhet one sky, nj\u00eb kontrollor i BE mund t\u00eb z\u00ebvend\u00ebsoj\u00eb nj\u00eb kontrollor shqiptar, por p\u00ebr nj\u00eb kontrollor nga nj\u00eb vend i tret\u00eb, nuk mund t\u00eb z\u00ebvend\u00ebsoj\u00eb pa b\u00ebr\u00eb disa trajnime, teorik dhe praktik. E gjith\u00eb kjo duhet t\u00eb zgjas\u00eb ta pakt\u00ebn dy jav\u00eb, jan\u00eb kritere q\u00eb jan\u00eb t\u00eb parashikuara me vendim t\u00eb k\u00ebshillit t\u00eb ministrave\u201d,<\/em> u shpreh Goxhaj. Sa i takon k\u00ebrkesave t\u00eb kontrollor\u00ebve, Goxhaj tha se ato jan\u00eb t\u00eb drejta dhe se nj\u00eb kontrat\u00eb kolektive nuk mund t\u00eb prishet n\u00eb m\u00ebnyr\u00eb t\u00eb nj\u00ebanshme. Eksperti tha se ka qen\u00eb vet\u00eb Ministrja Balluku, e cila n\u00eb cil\u00ebsin\u00eb e drejtoresh\u00ebs s\u00eb Albcontroll, ka insistuar q\u00eb punonj\u00ebsit t\u00eb ken\u00eb nj\u00eb kontrat\u00eb kolektive, t\u00eb cil\u00ebn tashm\u00eb po vet\u00eb k\u00ebrkon q\u00eb ta injoroj\u00eb.<\/p>\n<p><em>\u201cKontrollor\u00ebt kan\u00eb nj\u00eb kontrat\u00eb kolektive, dhe ajo nuk mund t\u00eb prishet n\u00eb m\u00ebnyr\u00eb t\u00eb nj\u00ebanshme, ka qen\u00eb nj\u00eb ultimatum ai q\u00eb i \u00ebsht\u00eb dh\u00ebn\u00eb kontrollor\u00ebve, por ata nga ana e tyre kan\u00eb shpallur paaft\u00ebsin\u00eb n\u00eb pun\u00eb, \u00a0n\u00eb m\u00ebngjes kur gjysma e kontrollor\u00ebve u shoq\u00ebruan, ti nuk mund t\u00eb pres\u00ebsh q\u00eb ata t\u00eb jen\u00eb n\u00eb gjendje t\u00eb rikthehen n\u00eb pun\u00eb. Kan\u00eb qen\u00eb t\u00eb paaft\u00eb p\u00ebr t\u00eb ofruar sh\u00ebrbimin.<\/em><em>Jan\u00eb pushuar nga puna 5 kontrollor\u00eb, 3 prej tyre nuk mund t\u00eb kthehen p\u00ebr shkak se jan\u00eb n\u00eb burg, dhe n\u00eb k\u00ebt\u00eb moment ata nuk mund t\u00eb kthehen n\u00eb pun\u00eb, duke b\u00ebr\u00eb q\u00eb t\u00eb rr\u00ebzohet dhe k\u00ebrkesa kryesore q\u00eb kishin kontrollor\u00ebt. Pa u vendosur q\u00eb a kishin ata apo jo t\u00eb drejt\u00eb, nuk mund t\u00eb ket\u00eb rikthim n\u00eb pun\u00eb\u201d,<\/em>\u00a0tha Goxhaj, nd\u00ebrkoh\u00eb q\u00eb u pyet n\u00eb lidhje me pagesat q\u00eb do t\u00eb marrin nga shteti shqiptar kontrollor\u00ebt e marr\u00eb nga Turqia.<\/p>\n<p><em>\u201cDuhet t\u00eb sqarojm\u00eb nj\u00eb gj\u00eb Autoriteti i Aviacionit Civil nuk mund t\u00eb p\u00ebrshpejtoj\u00eb procedur\u00ebn e trajnimit t\u00eb k\u00ebtyre kontrollor\u00ebve , dhe n\u00eb fund duhet t\u00eb l\u00ebshoj\u00eb li\u00e7ens\u00ebn. Duhet par\u00eb se mbi \u00e7far\u00eb bazash jan\u00eb marr\u00eb kontrollor\u00ebt turq n\u00eb Shqip\u00ebri, dhe p\u00ebr cil\u00ebn periudh\u00eb do t\u00eb paguhet dhe p\u00ebr cil\u00ebn periudh\u00eb nuk duhet t\u00eb paguhen, mbi \u00e7far\u00eb baze e kan\u00eb b\u00ebr\u00eb k\u00ebt\u00eb zgjedhje\u201d,<\/em>\u00a0komentoi Goxhaj.Sa i takon shkoll\u00ebs s\u00eb aviacionit, n\u00eb Shqip\u00ebri ajo mungon, duke b\u00ebr\u00eb q\u00eb t\u00eb gjith\u00eb kontrollor\u00ebt t\u00eb trajnohen jasht\u00eb vendit, kryesisht n\u00eb shkolla private. Sipas Goxhaj shteti shqiptar, ose m\u00eb sakt\u00eb Albcontroll, duhet t\u00eb paguaj\u00eb t\u00eb gjitha kostot e shtyrjes apo ndalimit t\u00eb fluturimeve, si pasoj\u00eb e mbylljes p\u00ebr dy dit\u00eb t\u00eb kull\u00ebs s\u00eb vrojtimit n\u00eb Rinas.<\/p>\n<p><em>\u201cNe nuk kemi akademi aviacioni, e vetmja ka qen\u00eb akademia e aviacionit ushtarak, por nuk mund t\u00eb prodhoj\u00eb kontrollor\u00eb. Zakonisht trajnimet jan\u00eb b\u00ebr\u00eb n\u00eb shtetet e BE-s\u00eb, dhe pasi b\u00ebhet trajnimi, ata kthehen n\u00eb Shqip\u00ebri dhe licensohen, nuk ka mund\u00ebsi q\u00eb t\u00eb b\u00ebhet z\u00ebvend\u00ebsimi i menj\u00ebhersh\u00ebm, \u00ebsht\u00eb nj\u00eb proces q\u00eb zgjat, dhe zgjat shum\u00eb.<\/em><em>N\u00eb vende t\u00eb tjera ushtria ka kontrollor, n\u00eb vendin ton\u00eb nj\u00eb gj\u00eb e till\u00eb nuk \u00ebsht\u00eb e parashikuar. \u00cbsht\u00eb pik\u00ebrisht ministrja Balluku ajo q\u00eb e ka n\u00ebnshkruar kontrat\u00ebn kolektive, dhe q\u00eb n\u00eb at\u00eb moment ajo duhet ta kishte ditur se mund t\u00eb mb\u00ebrrinim n\u00eb nj\u00eb situat\u00eb t\u00eb till\u00eb.<\/em><\/p>\n<p><em>Shqip\u00ebria duhet q\u00eb t\u00eb paguaj\u00eb kostot e t\u00eb gjitha fluturimeve q\u00eb jan\u00eb anulluar apo devijuar, jan\u00eb para q\u00eb merren nga Albcontroll, pasi t\u00eb fillojn\u00eb fluturimet e tjera. Hapja e aeroportit po b\u00ebhet n\u00eb kushtet e paligjshm\u00ebris\u00eb, dhe qeveria \u00ebsht\u00eb p\u00ebrgjegj\u00ebse p\u00ebr k\u00ebt\u00eb\u201d,<\/em>\u00a0tha Goxhaj.<\/p>\n<p>&nbsp;<\/p>\n","protected":false},"excerpt":{"rendered":"<p>Dritan Goxhaj, ish-pilot dhe ish-shef i operacioneve t\u00eb fluturimit ne Autoritetin e Aviacionit Civil, n\u00eb nj\u00eb intervist\u00eb p\u00ebr gazetaren e Fax news, tha se marrja e kontrollor\u00ebve nga Turqia, \u00ebsht\u00eb n\u00eb kushtet e paligjshm\u00ebris\u00eb. Goxhaj tha se n\u00eb rastin e shteteve q\u00eb nuk jan\u00eb pjes\u00eb e BE-s\u00eb dhe nuk jan\u00eb pjes\u00eb e marr\u00ebveshjes nd\u00ebrkomb\u00ebtare \u201done [&hellip;]<\/p>\n","protected":false},"author":2016,"featured_media":176497,"comment_status":"closed","ping_status":"closed","sticky":false,"template":"","format":"standard","meta":{"footnotes":""},"categories":[241],"tags":[2246],"class_list":{"0":"post-176495","1":"post","2":"type-post","3":"status-publish","4":"format-standard","5":"has-post-thumbnail","7":"category-aktualitet","8":"tag-lajme-zjarr-flet-eksperti-zjarr-tv"},"_links":{"self":[{"href":"https:\/\/zjarr.tv\/sq\/wp-json\/wp\/v2\/posts\/176495","targetHints":{"allow":["GET"]}}],"collection":[{"href":"https:\/\/zjarr.tv\/sq\/wp-json\/wp\/v2\/posts"}],"about":[{"href":"https:\/\/zjarr.tv\/sq\/wp-json\/wp\/v2\/types\/post"}],"author":[{"embeddable":true,"href":"https:\/\/zjarr.tv\/sq\/wp-json\/wp\/v2\/users\/2016"}],"replies":[{"embeddable":true,"href":"https:\/\/zjarr.tv\/sq\/wp-json\/wp\/v2\/comments?post=176495"}],"version-history":[{"count":0,"href":"https:\/\/zjarr.tv\/sq\/wp-json\/wp\/v2\/posts\/176495\/revisions"}],"wp:featuredmedia":[{"embeddable":true,"href":"https:\/\/zjarr.tv\/sq\/wp-json\/wp\/v2\/media\/176497"}],"wp:attachment":[{"href":"https:\/\/zjarr.tv\/sq\/wp-json\/wp\/v2\/media?parent=176495"}],"wp:term":[{"taxonomy":"category","embeddable":true,"href":"https:\/\/zjarr.tv\/sq\/wp-json\/wp\/v2\/categories?post=176495"},{"taxonomy":"post_tag","embeddable":true,"href":"https:\/\/zjarr.tv\/sq\/wp-json\/wp\/v2\/tags?post=176495"}],"curies":[{"name":"wp","href":"https:\/\/api.w.org\/{rel}","templated":true}]}}