{"id":176499,"date":"2021-04-09T09:56:40","date_gmt":"2021-04-09T07:56:40","guid":{"rendered":"https:\/\/zjarr.tv\/?p=176499"},"modified":"2021-04-09T09:56:40","modified_gmt":"2021-04-09T07:56:40","slug":"eshte-lene-i-lire-ish-drejtori-i-aviacionit-civil","status":"publish","type":"post","link":"https:\/\/zjarr.tv\/sq\/eshte-lene-i-lire-ish-drejtori-i-aviacionit-civil\/","title":{"rendered":"\u00cbsht\u00eb l\u00ebn\u00eb i lir\u00eb ish-drejtori i Aviacionit Civil\u2026"},"content":{"rendered":"<p>Ish-drejtori i Aviacionit Civil, Petrit Sulaj, i cili u shoq\u00ebrua p\u00ebr t\u2019u marr\u00eb n\u00eb pyetje n\u00eb lidhje me pezullimin e pun\u00ebs s\u00eb kontrollor\u00ebve ajror\u00eb dit\u00ebn e djeshme, \u00ebsht\u00eb l\u00ebn\u00eb i lir\u00eb m\u00ebngjesin e sot\u00ebm.<\/p>\n<p>Sulaj u shoqrua n\u00eb komisariat, p\u00ebr t\u00eb sqaruar pozicionin e tij dhe kontaktet e patura s\u00eb fundmi me kontrollor\u00ebt ajror, t\u00eb cil\u00ebt pezulluan pun\u00ebn si pasoj\u00eb e stresit t\u00eb shkaktuar nga ulja e pagave.<\/p>\n<p>Dit\u00ebn e djeshme, s\u00eb bashku me ish-drejtorin e Aviacionit Civil u shoq\u00ebruan dhe 28 kontrollor\u00eb t\u00eb tjer\u00eb, por q\u00eb m\u00eb pas shumica e tyre u lan\u00eb t\u00eb lir\u00eb. Aktualisht n\u00eb paraburgim q\u00ebndrojn\u00eb Armando Fezga, Flora Ndreca dhe Muhin Mezini, t\u00eb cil\u00ebt akuzohen p\u00ebr vepr\u00ebn penale \u201cshp\u00ebrdorim detyre\u201d.<\/p>\n<p>&nbsp;<\/p>\n","protected":false},"excerpt":{"rendered":"<p>Ish-drejtori i Aviacionit Civil, Petrit Sulaj, i cili u shoq\u00ebrua p\u00ebr t\u2019u marr\u00eb n\u00eb pyetje n\u00eb lidhje me pezullimin e pun\u00ebs s\u00eb kontrollor\u00ebve ajror\u00eb dit\u00ebn e djeshme, \u00ebsht\u00eb l\u00ebn\u00eb i lir\u00eb m\u00ebngjesin e sot\u00ebm. Sulaj u shoqrua n\u00eb komisariat, p\u00ebr t\u00eb sqaruar pozicionin e tij dhe kontaktet e patura s\u00eb fundmi me kontrollor\u00ebt ajror, t\u00eb [&hellip;]<\/p>\n","protected":false},"author":2016,"featured_media":176501,"comment_status":"closed","ping_status":"closed","sticky":false,"template":"","format":"standard","meta":{"footnotes":""},"categories":[241],"tags":[2247],"class_list":{"0":"post-176499","1":"post","2":"type-post","3":"status-publish","4":"format-standard","5":"has-post-thumbnail","7":"category-aktualitet","8":"tag-lajme-zjarr-lirohet-ish-drejtori-i-aviacionit-civil-zjarr-tv"},"_links":{"self":[{"href":"https:\/\/zjarr.tv\/sq\/wp-json\/wp\/v2\/posts\/176499","targetHints":{"allow":["GET"]}}],"collection":[{"href":"https:\/\/zjarr.tv\/sq\/wp-json\/wp\/v2\/posts"}],"about":[{"href":"https:\/\/zjarr.tv\/sq\/wp-json\/wp\/v2\/types\/post"}],"author":[{"embeddable":true,"href":"https:\/\/zjarr.tv\/sq\/wp-json\/wp\/v2\/users\/2016"}],"replies":[{"embeddable":true,"href":"https:\/\/zjarr.tv\/sq\/wp-json\/wp\/v2\/comments?post=176499"}],"version-history":[{"count":0,"href":"https:\/\/zjarr.tv\/sq\/wp-json\/wp\/v2\/posts\/176499\/revisions"}],"wp:featuredmedia":[{"embeddable":true,"href":"https:\/\/zjarr.tv\/sq\/wp-json\/wp\/v2\/media\/176501"}],"wp:attachment":[{"href":"https:\/\/zjarr.tv\/sq\/wp-json\/wp\/v2\/media?parent=176499"}],"wp:term":[{"taxonomy":"category","embeddable":true,"href":"https:\/\/zjarr.tv\/sq\/wp-json\/wp\/v2\/categories?post=176499"},{"taxonomy":"post_tag","embeddable":true,"href":"https:\/\/zjarr.tv\/sq\/wp-json\/wp\/v2\/tags?post=176499"}],"curies":[{"name":"wp","href":"https:\/\/api.w.org\/{rel}","templated":true}]}}