{"id":176519,"date":"2021-04-09T11:24:41","date_gmt":"2021-04-09T09:24:41","guid":{"rendered":"https:\/\/zjarr.tv\/?p=176519"},"modified":"2021-04-09T11:25:40","modified_gmt":"2021-04-09T09:25:40","slug":"shkarkohet-zyrtari-i-larte-i-bashkise-durres","status":"publish","type":"post","link":"https:\/\/zjarr.tv\/sq\/shkarkohet-zyrtari-i-larte-i-bashkise-durres\/","title":{"rendered":"Shkarkohet zyrtari i lart\u00eb i Bashkis\u00eb Durr\u00ebs\u2026"},"content":{"rendered":"<p>Zyrtari i lart\u00eb n\u00eb Bashkin\u00eb e Durr\u00ebsit, Ardian Halili, \u00ebsht\u00eb shkarkuar nga detyra. Halili, mbante prej vitesh postin e drejtorit t\u00eb IMT-s\u00eb n\u00eb bashkin\u00eb e qytetit bregdetar. Ai \u00ebsht\u00eb bashk\u00ebshorti i prokurores Rubiana Halili.<\/p>\n<p>N\u00eb deklarimet e tij, Halili ka b\u00ebr\u00eb me dije se i \u00ebsht\u00eb nd\u00ebrprer\u00eb kontrata nga ana e Bashkis\u00eb, nd\u00ebrkoh\u00eb q\u00eb nga ana tjet\u00ebr, Bashkia pohon se \u00ebsht\u00eb vet\u00eb Halili, \u00ebsht\u00eb ai i cili ka dh\u00ebn\u00eb dor\u00ebheqjen.<\/p>\n<p>Shkarkimi ka ndodhur rreth tre jav\u00eb m\u00eb par\u00eb, nd\u00ebrkoh\u00eb q\u00eb n\u00eb postin e drejtuesit t\u00eb IMT-s\u00eb Durr\u00ebs, \u00ebsht\u00eb em\u00ebruar i komanduar Dorjan Mema.<\/p>\n<p>&nbsp;<\/p>\n","protected":false},"excerpt":{"rendered":"<p>Zyrtari i lart\u00eb n\u00eb Bashkin\u00eb e Durr\u00ebsit, Ardian Halili, \u00ebsht\u00eb shkarkuar nga detyra. Halili, mbante prej vitesh postin e drejtorit t\u00eb IMT-s\u00eb n\u00eb bashkin\u00eb e qytetit bregdetar. Ai \u00ebsht\u00eb bashk\u00ebshorti i prokurores Rubiana Halili. N\u00eb deklarimet e tij, Halili ka b\u00ebr\u00eb me dije se i \u00ebsht\u00eb nd\u00ebrprer\u00eb kontrata nga ana e Bashkis\u00eb, nd\u00ebrkoh\u00eb q\u00eb nga [&hellip;]<\/p>\n","protected":false},"author":2016,"featured_media":176521,"comment_status":"closed","ping_status":"closed","sticky":false,"template":"","format":"standard","meta":{"footnotes":""},"categories":[241],"tags":[2250],"class_list":{"0":"post-176519","1":"post","2":"type-post","3":"status-publish","4":"format-standard","5":"has-post-thumbnail","7":"category-aktualitet","8":"tag-lajme-zjarr-shkarkohet-zyrtari-i-larte-zjarr-tv"},"_links":{"self":[{"href":"https:\/\/zjarr.tv\/sq\/wp-json\/wp\/v2\/posts\/176519","targetHints":{"allow":["GET"]}}],"collection":[{"href":"https:\/\/zjarr.tv\/sq\/wp-json\/wp\/v2\/posts"}],"about":[{"href":"https:\/\/zjarr.tv\/sq\/wp-json\/wp\/v2\/types\/post"}],"author":[{"embeddable":true,"href":"https:\/\/zjarr.tv\/sq\/wp-json\/wp\/v2\/users\/2016"}],"replies":[{"embeddable":true,"href":"https:\/\/zjarr.tv\/sq\/wp-json\/wp\/v2\/comments?post=176519"}],"version-history":[{"count":0,"href":"https:\/\/zjarr.tv\/sq\/wp-json\/wp\/v2\/posts\/176519\/revisions"}],"wp:featuredmedia":[{"embeddable":true,"href":"https:\/\/zjarr.tv\/sq\/wp-json\/wp\/v2\/media\/176521"}],"wp:attachment":[{"href":"https:\/\/zjarr.tv\/sq\/wp-json\/wp\/v2\/media?parent=176519"}],"wp:term":[{"taxonomy":"category","embeddable":true,"href":"https:\/\/zjarr.tv\/sq\/wp-json\/wp\/v2\/categories?post=176519"},{"taxonomy":"post_tag","embeddable":true,"href":"https:\/\/zjarr.tv\/sq\/wp-json\/wp\/v2\/tags?post=176519"}],"curies":[{"name":"wp","href":"https:\/\/api.w.org\/{rel}","templated":true}]}}