{"id":176526,"date":"2021-04-09T11:50:52","date_gmt":"2021-04-09T09:50:52","guid":{"rendered":"https:\/\/zjarr.tv\/?p=176526"},"modified":"2021-04-09T11:50:52","modified_gmt":"2021-04-09T09:50:52","slug":"berat-buzhala-ben-analizen-e-bujshme-shqiptare-rrezojeni-edi-ramen","status":"publish","type":"post","link":"https:\/\/zjarr.tv\/sq\/berat-buzhala-ben-analizen-e-bujshme-shqiptare-rrezojeni-edi-ramen\/","title":{"rendered":"Berat Buzhala b\u00ebn analiz\u00ebn e bujshme: Shqiptar\u00eb rr\u00ebzojeni Edi Ram\u00ebn\u2026"},"content":{"rendered":"<p>Analisti kosovar, Berat Buzhala, n\u00eb nj\u00eb koment t\u00eb gjat\u00eb t\u00eb publikuar n\u00eb gazet\u00ebn\u00a0express, u ka b\u00ebr\u00eb thirrje shqiptar\u00ebve q\u00eb t\u00eb rr\u00ebzojn\u00eb Edi Ram\u00ebn.<\/p>\n<p>\u201cEdi Rama \u00ebsht\u00eb kryeministri i vet\u00ebm n\u00eb bot\u00eb, q\u00eb, kur t\u00eb vdes\u00eb, \u2013 i urojm\u00eb jet\u00eb t\u00eb gjat\u00eb \u2013 gazetari q\u00eb do ta ket\u00eb p\u00ebr nder q\u00eb t\u00eb shkruaj\u00eb ndonj\u00eb fjal\u00eb p\u00ebr jet\u00ebn dhe vepr\u00ebn e tij, shpres\u00ebn e vetme p\u00ebr t\u00eb gjetur fjal\u00eb t\u00eb mira do ta ket\u00eb p\u00ebr pun\u00ebn e tij si kryetar i Tiran\u00ebs. Nekrologjia do t\u00eb mund t\u00eb p\u00ebrfundonte k\u00ebshtu: N\u00eb periudh\u00ebn 2013-2021, ai b\u00ebri d\u00ebm, ndoshta duke pasur q\u00ebllime t\u00eb mira,\u201d shkruan ai.<\/p>\n<p><strong>Pjese nga shkrimi<\/strong><\/p>\n<p>T\u00eb thuash q\u00eb n\u00eb k\u00ebto 8 vjet nuk ka b\u00ebr\u00eb asgj\u00eb q\u00eb meriton t\u00eb p\u00ebrmendet, ndoshta \u00ebsht\u00eb nihiliz\u00ebm i tepruar, mir\u00ebpo q\u00eb me t\u00eb v\u00ebrtet\u00eb ishin tet\u00eb vite t\u00eb humbura p\u00ebr shqiptar\u00ebt, as kjo nuk mund t\u00eb kontestohet. Rama vazhdon me muzik\u00ebn e nj\u00ebjt\u00eb. Vazhdon t\u2019u turret njer\u00ebzve n\u00eb Facebook, n\u00eb Twitter, n\u00eb rrug\u00eb, n\u00eb ara, n\u00eb ceremoni, n\u00eb studio televizive. Kudo q\u00eb gjen nj\u00eb shqiptar q\u00eb nuk \u00ebsht\u00eb me t\u00eb, fillon ta tall\u00eb, nd\u00ebrsa n\u00ebse rast\u00ebsisht af\u00ebr tij nuk \u00ebsht\u00eb askush q\u00eb e kund\u00ebrshton, at\u00ebher\u00eb vazhdon t\u2019i tall\u00eb edhe ata q\u00eb e p\u00ebrkrahin. Impulset e tij t\u00eb para jan\u00eb ngacmimi, tallja dhe fyerja. Me t\u00eb v\u00ebrtet\u00eb, \u00e7far\u00eb ka ndodhur n\u00eb Shqip\u00ebri n\u00eb k\u00ebto tet\u00eb vite? Dua t\u00eb them, \u00e7far\u00eb ka ndodhur p\u00ebr t\u2019u mbajtur n\u00eb mend edhe pas dhjet\u00eb vjet\u00ebsh? Berisha e b\u00ebri \u201cRrug\u00ebn e Kombit\u201d. E futi Shqip\u00ebrin\u00eb n\u00eb NATO. Ua hoqi vizat shqiptar\u00ebve. E priti p\u00ebr vizit\u00eb n\u00eb Shqip\u00ebri presidentin e SHBA-s\u00eb, George Bush, i cili e zgjodhi Tiran\u00ebn p\u00ebr t\u00eb treguar se Kosova do t\u00eb b\u00ebhet e pavarur. K\u00ebto kat\u00ebr gj\u00ebra nuk harrohen. Nuk harrohen, sepse fal\u00eb \u201cRrug\u00ebs s\u00eb Kombit\u201d, nj\u00eb komb i ndar\u00eb u b\u00eb bashk\u00eb, po njihemi m\u00eb mir\u00eb me nj\u00ebri-tjetrin, po shkojm\u00eb te nj\u00ebri-tjetri e po e ndihmojm\u00eb nj\u00ebri-tjetrin. Ah, harrova. Rama e futi nj\u00eb tra n\u00eb mes t\u00eb asaj rruge, sa p\u00ebr t\u00eb mos th\u00ebn\u00eb q\u00eb nuk b\u00ebri asgj\u00eb. Kjo \u00ebsht\u00eb nj\u00eb mund\u00ebsi e mir\u00eb p\u00ebr ta kujtuar at\u00eb, sa her\u00eb q\u00eb t\u2019i paguajm\u00eb ato 5 euro.<\/p>\n<p>N\u00ebse rast\u00ebsisht ka tensione n\u00eb rajon ton\u00eb, prap\u00eb na bie nd\u00ebr mend fakti q\u00eb Shqip\u00ebria \u00ebsht\u00eb n\u00eb NATO, q\u00eb \u00ebsht\u00eb nj\u00eb shtyll\u00eb e fuqishme e siguris\u00eb komb\u00ebtare, jo vet\u00ebm p\u00ebr Shqip\u00ebrin\u00eb, por edhe p\u00ebr Kosov\u00ebn. N\u00ebse rus\u00ebt po b\u00ebjn\u00eb baz\u00eb t\u00eb tyre n\u00eb Nish, ne e kemi NATO\u2019n n\u00eb Kuk\u00ebs. Po ashtu, qeverisjen e Berish\u00ebs e kujtojm\u00eb edhe sa her\u00eb e kalojm\u00eb kufirin p\u00ebr n\u00eb BE, pa pasur nevoj\u00eb p\u00ebr viza. Po ta pyes\u00ebsh Berish\u00ebn, ai do t\u00eb num\u00ebroj\u00eb edhe qindra pun\u00eb t\u00eb tjera, por k\u00ebto kan\u00eb mbetur \u00a0nga ato q\u00eb i rezistojn\u00eb koh\u00ebs. Pastaj, edhe Berisha dhe qeverisja e tij i kishte edhe nj\u00ebqind faqe t\u00eb zeza, p\u00ebr t\u00eb cilat u nd\u00ebshkua.<\/p>\n<p><em><strong>Po Rama \u00e7far\u00eb b\u00ebri?<\/strong><\/em><\/p>\n<p>Nuk \u00ebsht\u00eb kjo nj\u00eb pyetje ironike. Un\u00eb v\u00ebrtet e kam v\u00ebshtir\u00eb q\u00eb ta kuptoj k\u00ebt\u00eb. N\u00eb k\u00ebto tet\u00eb vite, m\u00eb shum\u00eb \u00ebsht\u00eb dukur sikur Rama i kishte v\u00ebn\u00eb vetes q\u00ebllim q\u00eb t\u2019i b\u00ebj\u00eb shqiptar\u00ebt njer\u00ebz, sesa t\u2019i qeveris\u00eb ata. M\u00eb shum\u00eb dukej si kujdestar i klas\u00ebs, sesa si kryeminist\u00ebr i vendit. M\u00eb shum\u00eb ka folur p\u00ebr sjellje, p\u00ebr mosdije, p\u00ebr padisiplin\u00eb, p\u00ebr munges\u00eb t\u00eb kultur\u00ebs, sesa p\u00ebr projekte dhe pun\u00eb t\u00eb qeveris\u00eb. Dukej sikur Rama po i zgjedhte shqiptar\u00ebt dhe jo anasjelltas. Dukej sikur Rama kishte alternativ\u00eb p\u00ebr t\u00eb zgjedhur nj\u00eb popull tjet\u00ebr p\u00ebr ta qeverisur, por shqiptar\u00ebt nuk kishin alternativ\u00eb p\u00ebr t\u00eb zgjedhur nj\u00eb kryeminist\u00ebr tjet\u00ebr. Rama m\u00eb shum\u00eb ka pyetur, sesa \u00ebsht\u00eb pyetur. M\u00eb shum\u00eb ka k\u00ebrkuar p\u00ebrgjigje, sesa ka dh\u00ebn\u00eb p\u00ebrgjigje. \u00c7do pyetjeje i \u00ebsht\u00eb p\u00ebrgjigjur me pyetje: Po ti kush je? Po ti \u00e7far\u00eb b\u00ebn? Po ti \u00e7far\u00eb di? Po ti ku e ke m\u00ebsuar? Rama, si kryeminist\u00ebr, Shqip\u00ebrin\u00eb e shnd\u00ebrroi n\u00eb projekt personal dhe privat. P\u00ebr k\u00ebto tet\u00eb vite, n\u00eb mendjen e tij, Shqip\u00ebria nuk ka pasur nevoj\u00eb p\u00ebr institucione t\u00eb tjera, nuk ka pasur nevoj\u00eb p\u00ebr kryetar bashkish e as p\u00ebr ministra e ambasador\u00eb, as p\u00ebr gazetar\u00eb e shkrimtar\u00eb. Rama \u00ebsht\u00eb i bindur q\u00eb t\u00eb gjitha k\u00ebto funksione shoq\u00ebrore ekzistojn\u00eb vet\u00ebm p\u00ebr ta nxir\u00eb pun\u00ebn e tij t\u00eb mir\u00eb, t\u00eb drejt\u00eb dhe t\u00eb ndershme.<\/p>\n<p><em><strong>Po \u00e7far\u00eb b\u00ebri tjet\u00ebr Rama?<\/strong><\/em><\/p>\n<p>E b\u00ebri Shqip\u00ebrin\u00eb vilajet t\u00eb Turqis\u00eb. N\u00ebse Berisha e priste n\u00eb Tiran\u00eb Bushin, Rama i b\u00ebn masazh Erdoganit, sa her\u00eb q\u00eb ky i fundit ka nevoj\u00eb p\u00ebr t\u2019u qet\u00ebsuar. Po po, mu aty, n\u00eb Dolmabah\u00e7e. Ky q\u00eb me shqiptar\u00ebt \u00ebsht\u00eb arrogant, i pacip\u00eb, i pasjellsh\u00ebm, kur takon njer\u00ebz m\u00eb t\u00eb fuqish\u00ebm se vetja, shnd\u00ebrrohet n\u00eb nj\u00eb kotele. A i keni par\u00eb fotografit\u00eb e tij me Erdoganin? Duket sikur ndien keqardhje q\u00eb \u00ebsht\u00eb m\u00eb i gjat\u00eb se ai. Po t\u00eb kishte mund\u00ebsi, do t\u2019i shkurtonte k\u00ebmb\u00ebt p\u00ebr disa centimetra. P\u00ebr k\u00ebto tet\u00eb vite, kjo ishte politika e tij e jashtme: Tiran\u00eb \u2013 Stamboll dhe anasjelltas. Nj\u00eb koh\u00eb ishte edhe Beogradi, por n\u00eb m\u00ebnyr\u00eb t\u00eb palavdishme iku si tem\u00eb.<\/p>\n<p><em><strong>Po ndonj\u00eb gj\u00eb tjet\u00ebr, \u00e7far\u00eb b\u00ebri Rama?<\/strong><\/em><\/p>\n<p>Shok\u00ebt e tij i b\u00ebri m\u00eb t\u00eb pasur, kurse shqiptar\u00ebt i b\u00ebri edhe m\u00eb t\u00eb varf\u00ebr. I pasuroi tre-kat\u00ebr veta, i varf\u00ebroi tre-kat\u00ebr milion\u00eb veta.<\/p>\n<p>&nbsp;<\/p>\n<p>&nbsp;<\/p>\n","protected":false},"excerpt":{"rendered":"<p>Analisti kosovar, Berat Buzhala, n\u00eb nj\u00eb koment t\u00eb gjat\u00eb t\u00eb publikuar n\u00eb gazet\u00ebn\u00a0express, u ka b\u00ebr\u00eb thirrje shqiptar\u00ebve q\u00eb t\u00eb rr\u00ebzojn\u00eb Edi Ram\u00ebn. \u201cEdi Rama \u00ebsht\u00eb kryeministri i vet\u00ebm n\u00eb bot\u00eb, q\u00eb, kur t\u00eb vdes\u00eb, \u2013 i urojm\u00eb jet\u00eb t\u00eb gjat\u00eb \u2013 gazetari q\u00eb do ta ket\u00eb p\u00ebr nder q\u00eb t\u00eb shkruaj\u00eb ndonj\u00eb fjal\u00eb p\u00ebr [&hellip;]<\/p>\n","protected":false},"author":2016,"featured_media":176528,"comment_status":"closed","ping_status":"closed","sticky":false,"template":"","format":"standard","meta":{"footnotes":""},"categories":[241],"tags":[2252],"class_list":{"0":"post-176526","1":"post","2":"type-post","3":"status-publish","4":"format-standard","5":"has-post-thumbnail","7":"category-aktualitet","8":"tag-lajme-zjarr-buzhala-ben-analizen-e-bujshme-zjarr-tv"},"_links":{"self":[{"href":"https:\/\/zjarr.tv\/sq\/wp-json\/wp\/v2\/posts\/176526","targetHints":{"allow":["GET"]}}],"collection":[{"href":"https:\/\/zjarr.tv\/sq\/wp-json\/wp\/v2\/posts"}],"about":[{"href":"https:\/\/zjarr.tv\/sq\/wp-json\/wp\/v2\/types\/post"}],"author":[{"embeddable":true,"href":"https:\/\/zjarr.tv\/sq\/wp-json\/wp\/v2\/users\/2016"}],"replies":[{"embeddable":true,"href":"https:\/\/zjarr.tv\/sq\/wp-json\/wp\/v2\/comments?post=176526"}],"version-history":[{"count":0,"href":"https:\/\/zjarr.tv\/sq\/wp-json\/wp\/v2\/posts\/176526\/revisions"}],"wp:featuredmedia":[{"embeddable":true,"href":"https:\/\/zjarr.tv\/sq\/wp-json\/wp\/v2\/media\/176528"}],"wp:attachment":[{"href":"https:\/\/zjarr.tv\/sq\/wp-json\/wp\/v2\/media?parent=176526"}],"wp:term":[{"taxonomy":"category","embeddable":true,"href":"https:\/\/zjarr.tv\/sq\/wp-json\/wp\/v2\/categories?post=176526"},{"taxonomy":"post_tag","embeddable":true,"href":"https:\/\/zjarr.tv\/sq\/wp-json\/wp\/v2\/tags?post=176526"}],"curies":[{"name":"wp","href":"https:\/\/api.w.org\/{rel}","templated":true}]}}