{"id":176533,"date":"2021-04-09T12:02:41","date_gmt":"2021-04-09T10:02:41","guid":{"rendered":"https:\/\/zjarr.tv\/?p=176533"},"modified":"2021-04-09T12:02:41","modified_gmt":"2021-04-09T10:02:41","slug":"zyrtari-i-vv-se-akuza-edi-rames-i-premtoi-kosoves-vaksina-pfizer-pasi-erdhi-kurti-ne-qeveri-deshi-te-na-jepte-kineze","status":"publish","type":"post","link":"https:\/\/zjarr.tv\/sq\/zyrtari-i-vv-se-akuza-edi-rames-i-premtoi-kosoves-vaksina-pfizer-pasi-erdhi-kurti-ne-qeveri-deshi-te-na-jepte-kineze\/","title":{"rendered":"Zyrtari i VV-s\u00eb akuza Edi Ram\u00ebs: I premtoi Kosov\u00ebs vaksina Pfizer, pasi erdhi Kurti n\u00eb qeveri deshi t\u00eb na jepte kineze"},"content":{"rendered":"<p>Zyrtari i L\u00ebvizjes Vet\u00ebvendosja, Arb\u00ebr Zaimi\u00a0 p\u00ebrmes nj\u00eb postimi ka ngritur akuza kundrejt kryeministrit, Edi Rama.<\/p>\n<p>Sipas tij, Rama i premtoi Kosov\u00ebs 11 mij\u00eb doza vaksina t\u00eb Pfizer, por n\u00eb momentin kur Albin Kurti mori postin e kryeministrit, Rama d\u00ebshiroi q\u00eb t\u2019i dhuronte Kosov\u00ebs vaksina kineze.<\/p>\n<p>Rama mandej vendosi t\u00eb tregohet edhe patriot. Premtoi se 11.000 vaksina Pfizer do i ndante si ndihm\u00eb p\u00ebr Kosov\u00ebn. Me ardhjen e qeveris\u00eb Kurti, u k\u00ebrkua q\u00eb k\u00ebto vaksina t\u00eb jepeshin, pra thjesht t\u00eb mbahej fjala. Rama prap\u00eb e p\u00ebrdori p\u00ebr fushat\u00eb, doli n\u00eb Rrogozhin\u00eb dhe tha \u201c<em>m\u00eb thirri Albini m\u00eb k\u00ebrkoi vaksina, po normal q\u00eb do i japim, po k\u00ebto s\u2019b\u00ebhen duke fjetur\u201d e pallavra t\u00eb tilla. Puna \u00ebsht\u00eb se Rama flet e b\u00ebn fushat\u00eb, por vaksinat Pfizer i kishte harxhuar. Dhe deshi t\u00eb jepte kinezet. Kinezet Kosova nuk i pranon dot p\u00ebr t\u00eb nj\u00ebjt\u00ebn arsye q\u00eb edhe Rama nuk i pranonte deri para nj\u00eb muaji, pra p\u00ebr shkak t\u00eb mos certifikimit nga EMA dhe FDA<\/em>\u201d- shkruan ai n\u00eb postimin e tij n\u00eb Facebook.<\/p>\n<p>Zaimi shtoi se kryeministri Rama ka shpifur kur ka th\u00ebn\u00eb se Albin Kurti i mbylli kufijt\u00eb e Kosov\u00ebs me Shqip\u00ebrin\u00eb\u00a0 p\u00ebr t\u00eb penguar procesin e vaksinimit t\u00eb qytetar\u00ebve.<\/p>\n<p>\u201c<em>Enturazhi i Ram\u00ebs duke qen\u00eb i paaft\u00eb p\u00ebr t\u00eb shpjeguar se pse Rama ndryshoi mendim dhe pse po pranon vaksinat kineze, pa patur qytetarin\u00eb p\u00ebr t\u00eb trajtuar efektet sh\u00ebndet\u00ebsore t\u00eb k\u00ebtyre vaksinave te qytetar\u00ebt apo ato gjeopolitike p\u00ebr shqiptar\u00ebt, filloi val\u00ebn e shpifjeve, deri edhe me shkrime, kinse Albin Kurti mbylli kufijt\u00eb me Shqip\u00ebrin\u00eb q\u00eb t\u00eb ndal\u00eb njer\u00ebzit prej marrjes s\u00eb vaksinave. Kjo \u00ebsht\u00eb rren\u00eb e past\u00ebr. Kufijt\u00eb Shqip\u00ebri-Kosov\u00eb jan\u00eb t\u00eb hapur dhe njer\u00ebzit hyjn\u00eb e dalin lirisht\u201d-<\/em> shton ai.<\/p>\n","protected":false},"excerpt":{"rendered":"<p>Zyrtari i L\u00ebvizjes Vet\u00ebvendosja, Arb\u00ebr Zaimi\u00a0 p\u00ebrmes nj\u00eb postimi ka ngritur akuza kundrejt kryeministrit, Edi Rama. Sipas tij, Rama i premtoi Kosov\u00ebs 11 mij\u00eb doza vaksina t\u00eb Pfizer, por n\u00eb momentin kur Albin Kurti mori postin e kryeministrit, Rama d\u00ebshiroi q\u00eb t\u2019i dhuronte Kosov\u00ebs vaksina kineze. Rama mandej vendosi t\u00eb tregohet edhe patriot. Premtoi se [&hellip;]<\/p>\n","protected":false},"author":2030,"featured_media":176536,"comment_status":"closed","ping_status":"closed","sticky":false,"template":"","format":"standard","meta":{"footnotes":""},"categories":[241,1454],"tags":[451,329,2254],"class_list":{"0":"post-176533","1":"post","2":"type-post","3":"status-publish","4":"format-standard","5":"has-post-thumbnail","7":"category-aktualitet","8":"category-politike","9":"tag-lajme-zjarr","10":"tag-zjarr-tv","11":"tag-zyrtari-i-vv-se-akuza-edi-rames"},"_links":{"self":[{"href":"https:\/\/zjarr.tv\/sq\/wp-json\/wp\/v2\/posts\/176533","targetHints":{"allow":["GET"]}}],"collection":[{"href":"https:\/\/zjarr.tv\/sq\/wp-json\/wp\/v2\/posts"}],"about":[{"href":"https:\/\/zjarr.tv\/sq\/wp-json\/wp\/v2\/types\/post"}],"author":[{"embeddable":true,"href":"https:\/\/zjarr.tv\/sq\/wp-json\/wp\/v2\/users\/2030"}],"replies":[{"embeddable":true,"href":"https:\/\/zjarr.tv\/sq\/wp-json\/wp\/v2\/comments?post=176533"}],"version-history":[{"count":0,"href":"https:\/\/zjarr.tv\/sq\/wp-json\/wp\/v2\/posts\/176533\/revisions"}],"wp:featuredmedia":[{"embeddable":true,"href":"https:\/\/zjarr.tv\/sq\/wp-json\/wp\/v2\/media\/176536"}],"wp:attachment":[{"href":"https:\/\/zjarr.tv\/sq\/wp-json\/wp\/v2\/media?parent=176533"}],"wp:term":[{"taxonomy":"category","embeddable":true,"href":"https:\/\/zjarr.tv\/sq\/wp-json\/wp\/v2\/categories?post=176533"},{"taxonomy":"post_tag","embeddable":true,"href":"https:\/\/zjarr.tv\/sq\/wp-json\/wp\/v2\/tags?post=176533"}],"curies":[{"name":"wp","href":"https:\/\/api.w.org\/{rel}","templated":true}]}}