{"id":176539,"date":"2021-04-09T12:11:08","date_gmt":"2021-04-09T10:11:08","guid":{"rendered":"https:\/\/zjarr.tv\/?p=176539"},"modified":"2021-04-09T12:12:52","modified_gmt":"2021-04-09T10:12:52","slug":"belinda-balluku-percan-kontrolloret-dhe-reagon-krenare-pengmarrja-deshtoi","status":"publish","type":"post","link":"https:\/\/zjarr.tv\/sq\/belinda-balluku-percan-kontrolloret-dhe-reagon-krenare-pengmarrja-deshtoi\/","title":{"rendered":"Belinda Balluku p\u00ebr\u00e7an kontrollor\u00ebt dhe reagon krenare: Pengmarrja d\u00ebshtoi\u2026"},"content":{"rendered":"<p>Aeroporti i Rinasit ka filluar s\u00ebrish fluturimet, pas bllokimit q\u00eb shkaktoi pezullimi i pun\u00ebs s\u00eb 60 kontrollor\u00ebve t\u00eb trafikut ajror, q\u00eb jan\u00eb punonj\u00ebs t\u00eb Albcontroll.<\/p>\n<p>Ky lajm, konfirmohet nga Ministrja e Infrastruktur\u00ebs Belinda Balluku, e cila b\u00ebn t\u00eb ditur se pjesa m\u00eb e madhe e punonj\u00ebsve t\u00eb Albcontroll, jan\u00eb kthyer n\u00eb detyr\u00eb, dhe puna po vazhdon n\u00eb normalitet.<\/p>\n<p>E relaksuar pas p\u00ebrplasjes s\u00eb kontrollor\u00ebve, q\u00eb sigurisht mund t\u00eb jet\u00eb shoq\u00ebruar me premtime pagesash t\u00eb majme, Balluku shkruan se plani i pengmarrjes d\u00ebshtoi.<\/p>\n<p><em>\u201cAlbcontrol n\u00eb normalitet t\u00eb plot\u00eb. Kontrollor\u00ebt e kthyer n\u00eb p\u00ebrgjigje t\u00eb apelit ton\u00eb jane n\u00eb krye t\u00eb detyr\u00ebs. Drejt\u00ebsia t\u00eb zbardh\u00eb deri n\u00eb fund ngjarjen e r\u00ebnd\u00eb. Plani i pengmarrjes d\u00ebshtoi\u201d,<\/em>\u00a0shkruan Balluku n\u00eb postimin e saj n\u00eb rrjetet sociale.<\/p>\n<p>&nbsp;<\/p>\n<p>&nbsp;<\/p>\n<p>&nbsp;<\/p>\n","protected":false},"excerpt":{"rendered":"<p>Aeroporti i Rinasit ka filluar s\u00ebrish fluturimet, pas bllokimit q\u00eb shkaktoi pezullimi i pun\u00ebs s\u00eb 60 kontrollor\u00ebve t\u00eb trafikut ajror, q\u00eb jan\u00eb punonj\u00ebs t\u00eb Albcontroll. Ky lajm, konfirmohet nga Ministrja e Infrastruktur\u00ebs Belinda Balluku, e cila b\u00ebn t\u00eb ditur se pjesa m\u00eb e madhe e punonj\u00ebsve t\u00eb Albcontroll, jan\u00eb kthyer n\u00eb detyr\u00eb, dhe puna po [&hellip;]<\/p>\n","protected":false},"author":2016,"featured_media":176542,"comment_status":"closed","ping_status":"closed","sticky":false,"template":"","format":"standard","meta":{"footnotes":""},"categories":[241],"tags":[2255],"class_list":{"0":"post-176539","1":"post","2":"type-post","3":"status-publish","4":"format-standard","5":"has-post-thumbnail","7":"category-aktualitet","8":"tag-lajme-zjarr-balluku-percan-kontrolloret-zjarr-tv"},"_links":{"self":[{"href":"https:\/\/zjarr.tv\/sq\/wp-json\/wp\/v2\/posts\/176539","targetHints":{"allow":["GET"]}}],"collection":[{"href":"https:\/\/zjarr.tv\/sq\/wp-json\/wp\/v2\/posts"}],"about":[{"href":"https:\/\/zjarr.tv\/sq\/wp-json\/wp\/v2\/types\/post"}],"author":[{"embeddable":true,"href":"https:\/\/zjarr.tv\/sq\/wp-json\/wp\/v2\/users\/2016"}],"replies":[{"embeddable":true,"href":"https:\/\/zjarr.tv\/sq\/wp-json\/wp\/v2\/comments?post=176539"}],"version-history":[{"count":0,"href":"https:\/\/zjarr.tv\/sq\/wp-json\/wp\/v2\/posts\/176539\/revisions"}],"wp:featuredmedia":[{"embeddable":true,"href":"https:\/\/zjarr.tv\/sq\/wp-json\/wp\/v2\/media\/176542"}],"wp:attachment":[{"href":"https:\/\/zjarr.tv\/sq\/wp-json\/wp\/v2\/media?parent=176539"}],"wp:term":[{"taxonomy":"category","embeddable":true,"href":"https:\/\/zjarr.tv\/sq\/wp-json\/wp\/v2\/categories?post=176539"},{"taxonomy":"post_tag","embeddable":true,"href":"https:\/\/zjarr.tv\/sq\/wp-json\/wp\/v2\/tags?post=176539"}],"curies":[{"name":"wp","href":"https:\/\/api.w.org\/{rel}","templated":true}]}}