{"id":176546,"date":"2021-04-09T12:19:24","date_gmt":"2021-04-09T10:19:24","guid":{"rendered":"https:\/\/zjarr.tv\/?p=176546"},"modified":"2021-04-09T12:19:24","modified_gmt":"2021-04-09T10:19:24","slug":"perplasja-per-albcontrol-zbardhet-letra-e-plote-qe-meta-i-ka-cuar-klsh-se-pse-duhet-te-behet-auditimi-i-plote-i-sh-a-se-kontrolloret-pretendojne-se","status":"publish","type":"post","link":"https:\/\/zjarr.tv\/sq\/perplasja-per-albcontrol-zbardhet-letra-e-plote-qe-meta-i-ka-cuar-klsh-se-pse-duhet-te-behet-auditimi-i-plote-i-sh-a-se-kontrolloret-pretendojne-se\/","title":{"rendered":"P\u00ebrplasja p\u00ebr Albcontrol\/ Zbardhet letra e plot\u00eb q\u00eb Meta i ka \u00e7uar KLSH-s\u00eb: Pse duhet t\u00eb b\u00ebhet auditimi i plot\u00eb i sh.a-s\u00eb, kontrollor\u00ebt pretendojn\u00eb se\u2026"},"content":{"rendered":"<p>\u00cbsht\u00eb zbardhur letra q\u00eb presidenti Meta i ka d\u00ebrguar Kontrollit t\u00eb Lart\u00eb t\u00eb Shtetit, ku i k\u00ebrkon auditimin e shoq\u00ebris\u00eb \u2018Albcontrol\u2019, pasi ka pretendime nga ana e kontrollor\u00ebve se mund t\u00eb ket\u00eb patur nj\u00eb keqmenaxhim t\u00eb fondeve.<\/p>\n<p>Mes t\u00eb tjerave n\u00eb letr\u00ebn q\u00eb Meta i ka d\u00ebrguar kreut t\u00eb KLSH-s\u00eb, Arben Shehu, thuhet se:\u00a0<em>\u201cSipas k\u00ebtyre t\u00eb dh\u00ebnave t\u00eb b\u00ebra tashm\u00eb dhe publike prej tyre, p\u00ebrdorimi i fondeve t\u00eb kompanis\u00eb, nd\u00ebrprerja n\u00eb mas\u00eb e marr\u00ebdh\u00ebnieve t\u00eb pun\u00ebsimit, si dhe kufizimi\/pezullimi pa afat i t\u00eb drejtave t\u00eb fituara prej tyre,\u00a0nuk p\u00ebrkon me realitetin financiar t\u00eb kompanis\u00eb, dhe as justifikohet nga situata e krijuar p\u00ebr shkak t\u00eb pandemis\u00eb, si\u00e7 kan\u00eb pretenduar organet drejtuese t\u00eb kompanis\u00eb\u201d.<\/em><\/p>\n<p>Kjo let\u00ebr e Met\u00ebs vjen pas pretendimeve t\u00eb dh\u00ebna nga ministrja Belinda Balluku se rrogat e kontrollor\u00ebve jan\u00eb ulur n\u00eb m\u00ebnyr\u00eb drastike p\u00ebr shkak t\u00eb r\u00ebnies s\u00eb t\u00eb ardhurave n\u00eb Albcontroll, si pasoj\u00eb e uljes s\u00eb fluturimeve.<\/p>\n<p>Por megjith\u00eb pretendimet p\u00ebr r\u00ebnie t\u00eb t\u00eb ardhurave si pasoj\u00eb e pandemis\u00eb, n\u00eb fakt tenderat n\u00eb k\u00ebt\u00eb shoq\u00ebri kan\u00eb vijuar, ku vet\u00ebm p\u00ebr pastrimin e zyrave jan\u00eb dh\u00ebn\u00eb 1.3 miliard\u00eb lek\u00eb.<\/p>\n<p><strong>LETRA E PLOT\u00cb<\/strong><\/p>\n<p><em>Zoti Kryetar i Kontrollit t\u00eb Lart\u00eb t\u00eb Shtetit, Kompania shtet\u00ebrore \u201cAlbcontrol\u201d sh.a. me kapital 100 % shtet\u00ebror ka p\u00ebrgjegj\u00ebsin\u00eb ligjore t\u00eb menaxhoj\u00eb dhe kontrolloj\u00eb hap\u00ebsir\u00ebn ajrore Shqiptare (FIR) n\u00eb p\u00ebrputhje me rregullat e brendshme dhe standardet nd\u00ebrkomb\u00ebtare t\u00eb lundrimit ajror.<\/em><\/p>\n<p><em>Si\u00e7 dhe jeni n\u00eb dijeni p\u00ebr sa \u00ebsht\u00eb b\u00ebr\u00eb publike, n\u00eb k\u00ebt\u00eb shoq\u00ebri \u00ebsht\u00eb krijuar nj\u00eb situat\u00eb shum\u00eb e nder\u00eb, pasi prej dit\u00ebs s\u00eb djeshme, shumica e kontrollor\u00ebve t\u00eb trafikut ajror kan\u00eb deklaruar paaft\u00ebsin\u00eb e p\u00ebrkohshme n\u00eb pun\u00eb, p\u00ebr shkak t\u00eb situat\u00ebs konfliktuale t\u00eb krijuar me organet drejtuese t\u00eb kompanis\u00eb dhe Ministrin\u00eb e Infrastruktur\u00ebs dhe Energjis\u00eb.<\/em><\/p>\n<p><em>Nd\u00ebrkoh\u00eb q\u00eb, po prej dit\u00ebs s\u00eb djeshme, disa prej kontrollor\u00ebve jan\u00eb shkarkuar nga detyra, nd\u00ebrsa nj\u00eb num\u00ebr i konsideruesh\u00ebm i tyre, jan\u00eb shoq\u00ebruar nga Policia e Shtetit n\u00eb komisariate.<\/em><\/p>\n<p><em>Punonj\u00ebsit e k\u00ebsaj kompanie (kontrollor\u00ebt ajror\u00eb shqiptar\u00eb), t\u00eb organizuar n\u00eb Sindikat\u00ebn e Pavarur t\u00eb Kontrollit t\u00eb Transportit Ajror, kan\u00eb p\u00ebrcjell\u00eb shkresa zyrtare t\u00eb vazhdueshme, t\u00eb pakt\u00ebn q\u00eb prej qershorit 2020, pran\u00eb Kryeministrit, Ministris\u00eb s\u00eb Infrastruktur\u00ebs dhe Energjis\u00eb, Ministris\u00eb s\u00eb Financave dhe Ekonomis\u00eb, K\u00ebshillit Drejtues dhe Drejtorit Ekzekutiv t\u00eb \u201cAlbcontrol\u201d sh.a., p\u00ebrmes t\u00eb cilave kan\u00eb ngritur shqet\u00ebsimet e tyre\u00a0mbi vendimmarrjet e K\u00ebshillit Mbikqyr\u00ebs t\u00eb Shoq\u00ebris\u00eb \u201cAlbcontrol\u201d sh.a, p\u00ebr uljen e pagave dhe pezullimin e t\u00eb drejtave t\u00eb fituara me kontrat\u00ebn kolektive t\u00eb pun\u00ebmarr\u00ebsve p\u00ebr nj\u00eb periudh\u00eb\u00a0t\u00eb pacaktuar,\u00a0duke pretenduar se k\u00ebto vendimmarrje shkelin nj\u00eb s\u00ebr\u00eb rregulloresh dhe manual\u00ebsh n\u00eb lidhje me sigurin\u00eb e operimit t\u00eb\u00a0trafikut ajror,\u00a0duke v\u00ebn\u00eb rrjedhimisht n\u00eb rrezik, individualisht dhe kolektivisht, t\u00eb gjith\u00eb trup\u00ebn e kontrollor\u00ebve t\u00eb trafikut ajror, funksionimin normal t\u00eb shoq\u00ebris\u00eb \u201cAlbcontrol\u201d sh.a dhe sigurin\u00eb e hap\u00ebsir\u00ebs ajrore t\u00eb Republik\u00ebs s\u00eb Shqip\u00ebris\u00eb.<\/em><\/p>\n<p><em>K\u00ebto k\u00ebrkime t\u00eb tyre i jan\u00eb p\u00ebrcjell\u00eb p\u00ebr dijeni dhe nj\u00eb pjese t\u00eb trupit diplomatik n\u00eb Tiran\u00eb dhe Institucionit t\u00eb Presidentit t\u00eb Republik\u00ebs. Lidhur me k\u00ebto problematika dhe k\u00ebrkime t\u00eb p\u00ebrs\u00ebritura t\u00eb kontrollor\u00ebve ajror, ata pretendojn\u00eb se jan\u00eb injoruar p\u00ebr t\u00eb pakt\u00ebn 10 muaj me radh\u00eb, nga institucionet p\u00ebrgjegj\u00ebse dhe k\u00ebrkesat e tyre nuk jan\u00eb marr\u00eb n\u00eb shqyrtim.<\/em><\/p>\n<p><em>N\u00eb dat\u00ebn 31 mars 2021, kam realizuar edhe nj\u00eb takim me p\u00ebrfaq\u00ebsues t\u00eb Sindikat\u00ebs, p\u00ebr t\u00eb d\u00ebgjuar dhe kuptuar nga af\u00ebr k\u00ebto shqet\u00ebsime. N\u00eb k\u00ebt\u00eb takim, ve\u00e7 t\u00eb tjerash, kontrollor\u00ebt ngrit\u00ebn shqet\u00ebsime edhe sa i takon m\u00ebnyr\u00ebs s\u00eb menaxhimit t\u00eb kompanis\u00eb dhe p\u00ebrdorimit t\u00eb fondeve publike dhe llogarive financiare t\u00eb shoq\u00ebris\u00eb me kapital shtet\u00ebror, nga ana e organeve drejtuese dhe ekzekutive t\u00eb saj.<\/em><\/p>\n<p><em>Sipas k\u00ebtyre t\u00eb dh\u00ebnave t\u00eb b\u00ebra tashm\u00eb dhe publike prej tyre, p\u00ebrdorimi i fondeve t\u00eb kompanis\u00eb, nd\u00ebrprerja n\u00eb mas\u00eb e marr\u00ebdh\u00ebnieve t\u00eb pun\u00ebsimit, si dhe kufizimi\/pezullimi pa afat i t\u00eb drejtave t\u00eb fituara prej tyre,\u00a0nuk p\u00ebrkon me realitetin financiar t\u00eb kompanis\u00eb, dhe as justifikohet nga situata e krijuar p\u00ebr shkak t\u00eb pandemis\u00eb, si\u00e7 kan\u00eb pretenduar organet drejtuese t\u00eb kompanis\u00eb.<\/em><\/p>\n<p><em>Nisur nga situata tep\u00ebr e r\u00ebnd\u00eb e krijuar, dhe ve\u00e7an\u00ebrisht rolit q\u00eb ka \u201cAlbcontrol\u201d sh.a. p\u00ebr administrimin dhe kontrollin e hap\u00ebsir\u00ebs ajrore t\u00eb Republik\u00ebs s\u00eb Shqip\u00ebris\u00eb, e lidhur direkt me sigurin\u00eb komb\u00ebtare t\u00eb vendit dhe me ofrimin e sh\u00ebrbimeve t\u00eb pand\u00ebrprera ndaj udh\u00ebtar\u00ebve dhe qytetar\u00ebve shqiptar\u00eb, n\u00eb mbrojtje dhe garantim t\u00eb interesit publik, Presidenti i Republik\u00ebs n\u00eb mb\u00ebshtetje t\u00eb nenit 92\/h, dhe 162 pika 1, dhe 163 shkronja \u201ca\u201d dhe \u201cb\u201d t\u00eb Kushtetut\u00ebs, si dhe referuar dispozitave t\u00eb ligjit nr. 154\/2014 \u201cP\u00ebr organizimin dhe funksionimin e Kontrollit t\u00eb Lart\u00eb t\u00eb Shtetit\u201d,\u00a0k\u00ebrkon nga ana Juaj q\u00eb t\u00eb\u00a0nd\u00ebrmerret\u00a0pa vones\u00eb\u00a0nj\u00eb auditim i plot\u00eb mbi m\u00ebnyr\u00ebn e menaxhimit t\u00eb k\u00ebsaj shoq\u00ebrie; respektimin e dispozitave ligjore n\u00eb vendimmarrjet e organeve drejtuese; p\u00ebrdorimin e fondeve publike; respektimin e procedurave n\u00eb marr\u00ebdh\u00ebniet e pun\u00ebs; si dhe \u00e7do aspekt tjet\u00ebr q\u00eb paraqet rrezik p\u00ebr veprimtarin\u00eb e sigurt\u00eb dhe funksionimin normal e t\u00eb q\u00ebndruesh\u00ebm t\u00eb \u201cAlbcontrol\u201d sh.a.<\/em><\/p>\n<p><em>\u00a0<\/em><\/p>\n","protected":false},"excerpt":{"rendered":"<p>\u00cbsht\u00eb zbardhur letra q\u00eb presidenti Meta i ka d\u00ebrguar Kontrollit t\u00eb Lart\u00eb t\u00eb Shtetit, ku i k\u00ebrkon auditimin e shoq\u00ebris\u00eb \u2018Albcontrol\u2019, pasi ka pretendime nga ana e kontrollor\u00ebve se mund t\u00eb ket\u00eb patur nj\u00eb keqmenaxhim t\u00eb fondeve. Mes t\u00eb tjerave n\u00eb letr\u00ebn q\u00eb Meta i ka d\u00ebrguar kreut t\u00eb KLSH-s\u00eb, Arben Shehu, thuhet se:\u00a0\u201cSipas k\u00ebtyre [&hellip;]<\/p>\n","protected":false},"author":2030,"featured_media":176549,"comment_status":"closed","ping_status":"closed","sticky":false,"template":"","format":"standard","meta":{"footnotes":""},"categories":[241,1454],"tags":[451,2257,329],"class_list":{"0":"post-176546","1":"post","2":"type-post","3":"status-publish","4":"format-standard","5":"has-post-thumbnail","7":"category-aktualitet","8":"category-politike","9":"tag-lajme-zjarr","10":"tag-perplasja-per-albcontrol-zbardhet-letra-e-plote-qe-meta-i-ka-cuar-klsh-se","11":"tag-zjarr-tv"},"_links":{"self":[{"href":"https:\/\/zjarr.tv\/sq\/wp-json\/wp\/v2\/posts\/176546","targetHints":{"allow":["GET"]}}],"collection":[{"href":"https:\/\/zjarr.tv\/sq\/wp-json\/wp\/v2\/posts"}],"about":[{"href":"https:\/\/zjarr.tv\/sq\/wp-json\/wp\/v2\/types\/post"}],"author":[{"embeddable":true,"href":"https:\/\/zjarr.tv\/sq\/wp-json\/wp\/v2\/users\/2030"}],"replies":[{"embeddable":true,"href":"https:\/\/zjarr.tv\/sq\/wp-json\/wp\/v2\/comments?post=176546"}],"version-history":[{"count":0,"href":"https:\/\/zjarr.tv\/sq\/wp-json\/wp\/v2\/posts\/176546\/revisions"}],"wp:featuredmedia":[{"embeddable":true,"href":"https:\/\/zjarr.tv\/sq\/wp-json\/wp\/v2\/media\/176549"}],"wp:attachment":[{"href":"https:\/\/zjarr.tv\/sq\/wp-json\/wp\/v2\/media?parent=176546"}],"wp:term":[{"taxonomy":"category","embeddable":true,"href":"https:\/\/zjarr.tv\/sq\/wp-json\/wp\/v2\/categories?post=176546"},{"taxonomy":"post_tag","embeddable":true,"href":"https:\/\/zjarr.tv\/sq\/wp-json\/wp\/v2\/tags?post=176546"}],"curies":[{"name":"wp","href":"https:\/\/api.w.org\/{rel}","templated":true}]}}