{"id":176547,"date":"2021-04-09T12:20:40","date_gmt":"2021-04-09T10:20:40","guid":{"rendered":"https:\/\/zjarr.tv\/?p=176547"},"modified":"2021-04-09T12:25:13","modified_gmt":"2021-04-09T10:25:13","slug":"mbyllet-nje-nga-spitalet-covid-ne-tirane","status":"publish","type":"post","link":"https:\/\/zjarr.tv\/sq\/mbyllet-nje-nga-spitalet-covid-ne-tirane\/","title":{"rendered":"Mbyllet nj\u00eb nga spitalet Covid n\u00eb Tiran\u00eb\u2026"},"content":{"rendered":"<p>Spitali kovid 4 n\u00eb Tiran\u00eb, \u00ebsht\u00eb mbyllur si pasoj\u00eb e r\u00ebnies s\u00eb rasteve t\u00eb reja dhe shtrimeve n\u00eb spital, gjat\u00eb jav\u00ebve t\u00eb fundit.<\/p>\n<p>M\u00ebsohet se spitali, do t\u00eb q\u00ebndroj\u00eb n\u00eb gadishm\u00ebri n\u00ebse do t\u00eb ket\u00eb nj\u00eb rritje t\u00eb mundshme t\u00eb personave q\u00eb k\u00ebrkojn\u00eb sh\u00ebrbimin e nevojsh\u00ebm mjek\u00ebsor.<\/p>\n<p>Vijon\u2026<\/p>\n<p>&nbsp;<\/p>\n","protected":false},"excerpt":{"rendered":"<p>Spitali kovid 4 n\u00eb Tiran\u00eb, \u00ebsht\u00eb mbyllur si pasoj\u00eb e r\u00ebnies s\u00eb rasteve t\u00eb reja dhe shtrimeve n\u00eb spital, gjat\u00eb jav\u00ebve t\u00eb fundit. M\u00ebsohet se spitali, do t\u00eb q\u00ebndroj\u00eb n\u00eb gadishm\u00ebri n\u00ebse do t\u00eb ket\u00eb nj\u00eb rritje t\u00eb mundshme t\u00eb personave q\u00eb k\u00ebrkojn\u00eb sh\u00ebrbimin e nevojsh\u00ebm mjek\u00ebsor. Vijon\u2026 &nbsp;<\/p>\n","protected":false},"author":2016,"featured_media":176552,"comment_status":"closed","ping_status":"closed","sticky":false,"template":"","format":"standard","meta":{"footnotes":""},"categories":[241],"tags":[2258],"class_list":{"0":"post-176547","1":"post","2":"type-post","3":"status-publish","4":"format-standard","5":"has-post-thumbnail","7":"category-aktualitet","8":"tag-lajme-zjarr-mbyllet-spitali-ne-tirane-zjarr-tv"},"_links":{"self":[{"href":"https:\/\/zjarr.tv\/sq\/wp-json\/wp\/v2\/posts\/176547","targetHints":{"allow":["GET"]}}],"collection":[{"href":"https:\/\/zjarr.tv\/sq\/wp-json\/wp\/v2\/posts"}],"about":[{"href":"https:\/\/zjarr.tv\/sq\/wp-json\/wp\/v2\/types\/post"}],"author":[{"embeddable":true,"href":"https:\/\/zjarr.tv\/sq\/wp-json\/wp\/v2\/users\/2016"}],"replies":[{"embeddable":true,"href":"https:\/\/zjarr.tv\/sq\/wp-json\/wp\/v2\/comments?post=176547"}],"version-history":[{"count":0,"href":"https:\/\/zjarr.tv\/sq\/wp-json\/wp\/v2\/posts\/176547\/revisions"}],"wp:featuredmedia":[{"embeddable":true,"href":"https:\/\/zjarr.tv\/sq\/wp-json\/wp\/v2\/media\/176552"}],"wp:attachment":[{"href":"https:\/\/zjarr.tv\/sq\/wp-json\/wp\/v2\/media?parent=176547"}],"wp:term":[{"taxonomy":"category","embeddable":true,"href":"https:\/\/zjarr.tv\/sq\/wp-json\/wp\/v2\/categories?post=176547"},{"taxonomy":"post_tag","embeddable":true,"href":"https:\/\/zjarr.tv\/sq\/wp-json\/wp\/v2\/tags?post=176547"}],"curies":[{"name":"wp","href":"https:\/\/api.w.org\/{rel}","templated":true}]}}