{"id":176557,"date":"2021-04-09T12:40:55","date_gmt":"2021-04-09T10:40:55","guid":{"rendered":"https:\/\/zjarr.tv\/?p=176557"},"modified":"2021-04-09T12:42:01","modified_gmt":"2021-04-09T10:42:01","slug":"pellumb-pipero-i-bashkohet-partise-socialiste-kritikon-opoziten-se-po-pengojne-sezonin-turistik","status":"publish","type":"post","link":"https:\/\/zjarr.tv\/sq\/pellumb-pipero-i-bashkohet-partise-socialiste-kritikon-opoziten-se-po-pengojne-sezonin-turistik\/","title":{"rendered":"P\u00ebllumb Pipero i bashkohet Partis\u00eb Socialiste, kritikon opozit\u00ebn se po pengojn\u00eb sezonin turistik\u2026"},"content":{"rendered":"<p>M\u00ebngjesin e sot\u00ebm, Kryeministri Edi Rama, ka publikuar spotin e radh\u00ebs p\u00ebr Partin\u00eb Socialiste, n\u00eb t\u00eb cil\u00ebn shfaqet mjeku infeksionist, P\u00ebllumb Pipero.<\/p>\n<p>Ky i fundit, u drejtohet politikan\u00ebve t\u00eb opozit\u00ebs, duke i akuzuar se po d\u00ebmtojn\u00eb procesin e vaksinimit n\u00eb Shqip\u00ebri. Madje, se po rrezikojn\u00eb sezonin turistik.<\/p>\n<p>Pipero p\u00ebrpiqet t\u2019u jap\u00eb nj\u00eb mesazh shqiptar\u00ebve, mbi kontrastin mes maxhoranc\u00ebs dhe opozit\u00ebs, duke u sugjeruar t\u00eb zgjedhin \u201cjet\u00ebn\u201d, numrin 12 n\u00eb list\u00eb.<\/p>\n<p>Mbr\u00ebmjen e djeshme, analisti Fatos Lubonja, n\u00ebp\u00ebrmjet nj\u00eb lidhje direkte nga Italia\u00a0p\u00ebr emisionin\u00a0\u201cReal Story\u201d, deklaroi se nga pandemia sipas tij, \u00ebsht\u00eb pasuruar mjeku infeksionist, P\u00ebllumb Pipero.<\/p>\n<p><em>\u201cSondazhet jan\u00eb t\u00eb manipuluara, pa dyshim, \u00ebsht\u00eb absurde t\u00eb d\u00ebgjosh q\u00eb n\u00eb sondazhe jan\u00eb t\u00eb pak\u00ebnaqur dhe 50% votohet p\u00ebr PS. Ata nuk din\u00eb k\u00eb kan\u00eb pyetur, Piperon m\u00eb duket, se ai \u00ebsht\u00eb pasuruar nga pandemia. Duhet nj\u00eb ndryshim dhe rotacion, por dyshoj t\u00eb ket\u00eb rotacion. Sepse \u00e7\u2019kan\u00eb b\u00ebr\u00eb k\u00ebta si parti p\u00ebr vot\u00ebn dhe duhet nj\u00eb bashkim i forcave opozitare p\u00ebr t\u00eb mbrojtur vot\u00ebn. Ata nuk jan\u00eb bashkuar\u201d,<\/em>\u00a0u shpreh Lubonja.<\/p>\n<p>&nbsp;<\/p>\n","protected":false},"excerpt":{"rendered":"<p>M\u00ebngjesin e sot\u00ebm, Kryeministri Edi Rama, ka publikuar spotin e radh\u00ebs p\u00ebr Partin\u00eb Socialiste, n\u00eb t\u00eb cil\u00ebn shfaqet mjeku infeksionist, P\u00ebllumb Pipero. Ky i fundit, u drejtohet politikan\u00ebve t\u00eb opozit\u00ebs, duke i akuzuar se po d\u00ebmtojn\u00eb procesin e vaksinimit n\u00eb Shqip\u00ebri. Madje, se po rrezikojn\u00eb sezonin turistik. Pipero p\u00ebrpiqet t\u2019u jap\u00eb nj\u00eb mesazh shqiptar\u00ebve, mbi [&hellip;]<\/p>\n","protected":false},"author":2016,"featured_media":176562,"comment_status":"closed","ping_status":"closed","sticky":false,"template":"","format":"standard","meta":{"footnotes":""},"categories":[241],"tags":[2260],"class_list":{"0":"post-176557","1":"post","2":"type-post","3":"status-publish","4":"format-standard","5":"has-post-thumbnail","7":"category-aktualitet","8":"tag-lajme-zjarr-pipero-i-bashkohet-partise-socialiste-zjarr-tv"},"_links":{"self":[{"href":"https:\/\/zjarr.tv\/sq\/wp-json\/wp\/v2\/posts\/176557","targetHints":{"allow":["GET"]}}],"collection":[{"href":"https:\/\/zjarr.tv\/sq\/wp-json\/wp\/v2\/posts"}],"about":[{"href":"https:\/\/zjarr.tv\/sq\/wp-json\/wp\/v2\/types\/post"}],"author":[{"embeddable":true,"href":"https:\/\/zjarr.tv\/sq\/wp-json\/wp\/v2\/users\/2016"}],"replies":[{"embeddable":true,"href":"https:\/\/zjarr.tv\/sq\/wp-json\/wp\/v2\/comments?post=176557"}],"version-history":[{"count":0,"href":"https:\/\/zjarr.tv\/sq\/wp-json\/wp\/v2\/posts\/176557\/revisions"}],"wp:featuredmedia":[{"embeddable":true,"href":"https:\/\/zjarr.tv\/sq\/wp-json\/wp\/v2\/media\/176562"}],"wp:attachment":[{"href":"https:\/\/zjarr.tv\/sq\/wp-json\/wp\/v2\/media?parent=176557"}],"wp:term":[{"taxonomy":"category","embeddable":true,"href":"https:\/\/zjarr.tv\/sq\/wp-json\/wp\/v2\/categories?post=176557"},{"taxonomy":"post_tag","embeddable":true,"href":"https:\/\/zjarr.tv\/sq\/wp-json\/wp\/v2\/tags?post=176557"}],"curies":[{"name":"wp","href":"https:\/\/api.w.org\/{rel}","templated":true}]}}