{"id":176568,"date":"2021-04-09T13:00:15","date_gmt":"2021-04-09T11:00:15","guid":{"rendered":"https:\/\/zjarr.tv\/?p=176568"},"modified":"2021-04-09T13:00:15","modified_gmt":"2021-04-09T11:00:15","slug":"ishalla-sme-gjen-gje-se-ata-qe-kam-lene-pas-do-marrin-hak-komenti-epik-i-pensionistit-qe-merr-vaksinen-kineze-dhe-mban-masken-basha-hajde","status":"publish","type":"post","link":"https:\/\/zjarr.tv\/sq\/ishalla-sme-gjen-gje-se-ata-qe-kam-lene-pas-do-marrin-hak-komenti-epik-i-pensionistit-qe-merr-vaksinen-kineze-dhe-mban-masken-basha-hajde\/","title":{"rendered":"\u201cIshalla s\u2019m\u00eb gjen gj\u00eb se \u2026 ata q\u00eb kam l\u00ebn\u00eb pas do marrin hak\u201d, komenti epik i pensionistit q\u00eb merr vaksin\u00ebn kineze, dhe mban mask\u00ebn \u201cBasha hajde\u201d"},"content":{"rendered":"<p><em>\u00a0<\/em>Fushata e vaksinimit masiv me vaksin\u00ebn kineze Sinovac vijon n\u00eb t\u00eb gjith\u00eb vendin p\u00ebr grupmosh\u00ebn mbi 65 vje\u00e7, nd\u00ebrkoh\u00eb q\u00eb pasigurit\u00eb n\u00eb radh\u00ebt e qytetar\u00ebve mbeten p\u00ebr efekte an\u00ebsore t\u00eb mundshme.<\/p>\n<p>Nj\u00eb moment interesant \u00ebsht\u00eb regjistruar s\u00eb fundi n\u00eb Lezh\u00eb, ku nj\u00eb pensionist q\u00eb mban nj\u00eb mask\u00eb me mbishkrimin \u201cBasha Hajde\u201d, ka th\u00ebn\u00eb se n\u00eb rast se i ndodh di\u00e7ka nga vaksina, at\u00ebher\u00eb t\u00eb af\u00ebrmit e tij do t\u00eb merrnin hak.<\/p>\n<p><em>\u201cIshalla dasht\u00eb zoti nuk m\u00eb gjen gj\u00eb. Po m\u00eb gjeti gj\u00eb, un\u00eb s\u2019kam \u00e7far\u00eb t\u00eb b\u00ebj se do kem vdekur, por ato q\u00eb kam l\u00ebn\u00eb pas kan\u00eb me marr hak. Ouu ca \u00ebsht\u00eb mo kjo, rrasi telin kinez n\u00eb t\u00eb\u201d,<\/em>\u00a0ka th\u00ebn\u00eb pensionisti.<\/p>\n<p>Nd\u00ebrkoh\u00eb q\u00eb momenti \u00ebsht\u00eb pritur me humor nga t\u00eb pranishmit q\u00eb ishin n\u00eb qendr\u00ebn e vaksninimit.<\/p>\n<p><em>\u00a0<\/em><\/p>\n","protected":false},"excerpt":{"rendered":"<p>\u00a0Fushata e vaksinimit masiv me vaksin\u00ebn kineze Sinovac vijon n\u00eb t\u00eb gjith\u00eb vendin p\u00ebr grupmosh\u00ebn mbi 65 vje\u00e7, nd\u00ebrkoh\u00eb q\u00eb pasigurit\u00eb n\u00eb radh\u00ebt e qytetar\u00ebve mbeten p\u00ebr efekte an\u00ebsore t\u00eb mundshme. Nj\u00eb moment interesant \u00ebsht\u00eb regjistruar s\u00eb fundi n\u00eb Lezh\u00eb, ku nj\u00eb pensionist q\u00eb mban nj\u00eb mask\u00eb me mbishkrimin \u201cBasha Hajde\u201d, ka th\u00ebn\u00eb se n\u00eb [&hellip;]<\/p>\n","protected":false},"author":2030,"featured_media":176571,"comment_status":"closed","ping_status":"closed","sticky":false,"template":"","format":"standard","meta":{"footnotes":""},"categories":[241],"tags":[2262,451,329],"class_list":{"0":"post-176568","1":"post","2":"type-post","3":"status-publish","4":"format-standard","5":"has-post-thumbnail","7":"category-aktualitet","8":"tag-komenti-epik-i-pensionistit-qe-merr-vaksinen-kineze","9":"tag-lajme-zjarr","10":"tag-zjarr-tv"},"_links":{"self":[{"href":"https:\/\/zjarr.tv\/sq\/wp-json\/wp\/v2\/posts\/176568","targetHints":{"allow":["GET"]}}],"collection":[{"href":"https:\/\/zjarr.tv\/sq\/wp-json\/wp\/v2\/posts"}],"about":[{"href":"https:\/\/zjarr.tv\/sq\/wp-json\/wp\/v2\/types\/post"}],"author":[{"embeddable":true,"href":"https:\/\/zjarr.tv\/sq\/wp-json\/wp\/v2\/users\/2030"}],"replies":[{"embeddable":true,"href":"https:\/\/zjarr.tv\/sq\/wp-json\/wp\/v2\/comments?post=176568"}],"version-history":[{"count":0,"href":"https:\/\/zjarr.tv\/sq\/wp-json\/wp\/v2\/posts\/176568\/revisions"}],"wp:featuredmedia":[{"embeddable":true,"href":"https:\/\/zjarr.tv\/sq\/wp-json\/wp\/v2\/media\/176571"}],"wp:attachment":[{"href":"https:\/\/zjarr.tv\/sq\/wp-json\/wp\/v2\/media?parent=176568"}],"wp:term":[{"taxonomy":"category","embeddable":true,"href":"https:\/\/zjarr.tv\/sq\/wp-json\/wp\/v2\/categories?post=176568"},{"taxonomy":"post_tag","embeddable":true,"href":"https:\/\/zjarr.tv\/sq\/wp-json\/wp\/v2\/tags?post=176568"}],"curies":[{"name":"wp","href":"https:\/\/api.w.org\/{rel}","templated":true}]}}