{"id":176601,"date":"2021-04-09T17:14:16","date_gmt":"2021-04-09T15:14:16","guid":{"rendered":"https:\/\/zjarr.tv\/?p=176601"},"modified":"2021-04-09T17:14:16","modified_gmt":"2021-04-09T15:14:16","slug":"zbardhet-kerkesa-e-prokurorise-per-3-kontrolloret-e-arrestuar-dikush-ne-burg-dhe-dikush-ne-shtepi","status":"publish","type":"post","link":"https:\/\/zjarr.tv\/sq\/zbardhet-kerkesa-e-prokurorise-per-3-kontrolloret-e-arrestuar-dikush-ne-burg-dhe-dikush-ne-shtepi\/","title":{"rendered":"Zbardhet k\u00ebrkesa e Prokuroris\u00eb p\u00ebr 3 kontrollor\u00ebt e arrestuar, dikush n\u00eb burg dhe dikush n\u00eb sht\u00ebpi&#8230;"},"content":{"rendered":"<p>Prokuroria e Tiran\u00ebs ka derguar n\u00eb Gjykat\u00eb k\u00ebrkes\u00ebn p\u00ebr tre kontrolloret e arrestuar dje. Seanca p\u00ebr caktimin e mas\u00ebs s\u00eb siguris\u00eb ndaj tre kontrollor\u00ebve do te mbahet mengjesin e s\u00eb shtun\u00ebs n\u00eb or\u00ebn 8:30.<\/p>\n<p>ZJARR TV ka zbardhur dosjen e Prokurorise. P\u00ebr Flora Ndrecajn Prokuroria k\u00ebrkon \u201carrest sht\u00ebpie\u201d, nd\u00ebrsa p\u00ebr dy kontrollor\u00ebt e tjer\u00eb Armando Fezga dhe Muhin Mezini, prokuroria k\u00ebrkon \u201carrest me burg\u201d.<\/p>\n<p>Ministrja e Infrastruktur\u00ebs dhe Kryeministri Edi Rama reagon ashp\u00ebr pas pezullimit t\u00eb pun\u00ebs nga ana e kontrollor\u00ebve t\u00eb cil\u00ebt ishin t\u00eb pak\u00ebnaqur me reduktimin e pagave t\u00eb tyre me 70%, si dhe me shkarkimin e 5 prej tyre n\u00eb m\u00ebnyr\u00eb t\u00eb papritur.<\/p>\n<p>Rama dhe Balluku e quajt\u00ebn nj\u00eb grusht shteti protest\u00ebn e kontrollor\u00ebve, duke shkuar dhe m\u00eb tej madje teksa u shprehen se ish-Kryeministri Berisha dhe Presidenti Ilir Meta q\u00ebndrojn\u00eb pas k\u00ebtij bllokimi t\u00eb aeroportit.<\/p>\n<p>&nbsp;<\/p>\n","protected":false},"excerpt":{"rendered":"<p>Prokuroria e Tiran\u00ebs ka derguar n\u00eb Gjykat\u00eb k\u00ebrkes\u00ebn p\u00ebr tre kontrolloret e arrestuar dje. Seanca p\u00ebr caktimin e mas\u00ebs s\u00eb siguris\u00eb ndaj tre kontrollor\u00ebve do te mbahet mengjesin e s\u00eb shtun\u00ebs n\u00eb or\u00ebn 8:30. ZJARR TV ka zbardhur dosjen e Prokurorise. P\u00ebr Flora Ndrecajn Prokuroria k\u00ebrkon \u201carrest sht\u00ebpie\u201d, nd\u00ebrsa p\u00ebr dy kontrollor\u00ebt e tjer\u00eb Armando [&hellip;]<\/p>\n","protected":false},"author":2031,"featured_media":176602,"comment_status":"closed","ping_status":"closed","sticky":false,"template":"","format":"standard","meta":{"footnotes":""},"categories":[241,231,235],"tags":[2267,312,329],"class_list":{"0":"post-176601","1":"post","2":"type-post","3":"status-publish","4":"format-standard","5":"has-post-thumbnail","7":"category-aktualitet","8":"category-lajme","9":"category-vendi","10":"tag-kerkesa-e-prokurorise","11":"tag-lajme","12":"tag-zjarr-tv"},"_links":{"self":[{"href":"https:\/\/zjarr.tv\/sq\/wp-json\/wp\/v2\/posts\/176601","targetHints":{"allow":["GET"]}}],"collection":[{"href":"https:\/\/zjarr.tv\/sq\/wp-json\/wp\/v2\/posts"}],"about":[{"href":"https:\/\/zjarr.tv\/sq\/wp-json\/wp\/v2\/types\/post"}],"author":[{"embeddable":true,"href":"https:\/\/zjarr.tv\/sq\/wp-json\/wp\/v2\/users\/2031"}],"replies":[{"embeddable":true,"href":"https:\/\/zjarr.tv\/sq\/wp-json\/wp\/v2\/comments?post=176601"}],"version-history":[{"count":0,"href":"https:\/\/zjarr.tv\/sq\/wp-json\/wp\/v2\/posts\/176601\/revisions"}],"wp:featuredmedia":[{"embeddable":true,"href":"https:\/\/zjarr.tv\/sq\/wp-json\/wp\/v2\/media\/176602"}],"wp:attachment":[{"href":"https:\/\/zjarr.tv\/sq\/wp-json\/wp\/v2\/media?parent=176601"}],"wp:term":[{"taxonomy":"category","embeddable":true,"href":"https:\/\/zjarr.tv\/sq\/wp-json\/wp\/v2\/categories?post=176601"},{"taxonomy":"post_tag","embeddable":true,"href":"https:\/\/zjarr.tv\/sq\/wp-json\/wp\/v2\/tags?post=176601"}],"curies":[{"name":"wp","href":"https:\/\/api.w.org\/{rel}","templated":true}]}}