{"id":176606,"date":"2021-04-09T17:40:08","date_gmt":"2021-04-09T15:40:08","guid":{"rendered":"https:\/\/zjarr.tv\/?p=176606"},"modified":"2021-04-09T17:40:08","modified_gmt":"2021-04-09T15:40:08","slug":"basha-merr-dhurate-maketin-budina-rikthimi-i-teatrit-eshte-edhe-rikthim-i-vlerave-qytetare-dhe-te-kultures","status":"publish","type":"post","link":"https:\/\/zjarr.tv\/sq\/basha-merr-dhurate-maketin-budina-rikthimi-i-teatrit-eshte-edhe-rikthim-i-vlerave-qytetare-dhe-te-kultures\/","title":{"rendered":"Basha merr dhurat\u00eb maketin, Budina: Rikthimi i Teatrit \u00ebsht\u00eb edhe rikthim i vlerave qytetare dhe t\u00eb kultur\u00ebs \u2026"},"content":{"rendered":"<p>Kreu i PD-s\u00eb, Lulzim Basha k\u00ebt\u00eb t\u00eb premte ka marr\u00eb nj\u00eb dhurat\u00eb nga aktivist\u00ebt e Teatrit Komb\u00ebtar. Ai \u00ebsht\u00eb surprizuar me nj\u00eb maket t\u00eb godin\u00ebs e cila u shemb. Dhurata u prezantua nga regjisori Robert Budina i cili i ka k\u00ebrkuar Bash\u00ebs ta mbaj\u00eb n\u00eb zyr\u00eb maketin p\u00ebr t\u00eb realizuar q\u00ebllimin e p\u00ebrbashk\u00ebt.<\/p>\n<p>Kemi nj\u00eb dhurat\u00eb p\u00ebr liderin e opozit\u00ebs, Lulzim Basha. Maket i teatrit i prodhuar nga arkitekt\u00ebt. P\u00ebrmasat jan\u00eb marr\u00eb gjat\u00eb 3 viteve t\u00eb protest\u00ebs. Mbajeni n\u00eb zyr\u00eb p\u00ebr t\u00eb realizuar q\u00ebllimin e p\u00ebrbashk\u00ebt. Rikthimi i Teatrit \u00ebsht\u00eb edhe rikthim i vlerave qytetare dhe t\u00eb kultur\u00ebs. T\u00eb rikthehet. Me rikthimin e tij do jet\u00eb dhe rikthimi i vlerave dhe kultur\u00ebs. Kultura do t\u00eb jet\u00eb ambasadori m\u00eb i mir\u00eb i Shqip\u00ebris\u00eb p\u00ebr an\u00ebtar\u00ebsimin n\u00eb BE. NE u sulmuam nga nj\u00eb kryeminist\u00ebr q\u00eb vjen nga fusha e kultur\u00ebs. Kemi mb\u00ebrritur n\u00eb dit\u00ebn q\u00eb Teatri mos nd\u00ebrtohet dhe k\u00ebtut\u00eb ngrihen vlerat e korrupsionit. P\u00ebr k\u00ebt\u00eb kemi mb\u00ebshtetjen e Europ\u00ebs. Ju uroj ta mbani n\u00eb zyr\u00eb\u201d.<\/p>\n","protected":false},"excerpt":{"rendered":"<p>Kreu i PD-s\u00eb, Lulzim Basha k\u00ebt\u00eb t\u00eb premte ka marr\u00eb nj\u00eb dhurat\u00eb nga aktivist\u00ebt e Teatrit Komb\u00ebtar. Ai \u00ebsht\u00eb surprizuar me nj\u00eb maket t\u00eb godin\u00ebs e cila u shemb. Dhurata u prezantua nga regjisori Robert Budina i cili i ka k\u00ebrkuar Bash\u00ebs ta mbaj\u00eb n\u00eb zyr\u00eb maketin p\u00ebr t\u00eb realizuar q\u00ebllimin e p\u00ebrbashk\u00ebt. Kemi nj\u00eb [&hellip;]<\/p>\n","protected":false},"author":2031,"featured_media":176607,"comment_status":"closed","ping_status":"closed","sticky":false,"template":"","format":"standard","meta":{"footnotes":""},"categories":[241,231,235],"tags":[596,2156,312,488,329],"class_list":{"0":"post-176606","1":"post","2":"type-post","3":"status-publish","4":"format-standard","5":"has-post-thumbnail","7":"category-aktualitet","8":"category-lajme","9":"category-vendi","10":"tag-basha","11":"tag-budina","12":"tag-lajme","13":"tag-teatri","14":"tag-zjarr-tv"},"_links":{"self":[{"href":"https:\/\/zjarr.tv\/sq\/wp-json\/wp\/v2\/posts\/176606","targetHints":{"allow":["GET"]}}],"collection":[{"href":"https:\/\/zjarr.tv\/sq\/wp-json\/wp\/v2\/posts"}],"about":[{"href":"https:\/\/zjarr.tv\/sq\/wp-json\/wp\/v2\/types\/post"}],"author":[{"embeddable":true,"href":"https:\/\/zjarr.tv\/sq\/wp-json\/wp\/v2\/users\/2031"}],"replies":[{"embeddable":true,"href":"https:\/\/zjarr.tv\/sq\/wp-json\/wp\/v2\/comments?post=176606"}],"version-history":[{"count":0,"href":"https:\/\/zjarr.tv\/sq\/wp-json\/wp\/v2\/posts\/176606\/revisions"}],"wp:featuredmedia":[{"embeddable":true,"href":"https:\/\/zjarr.tv\/sq\/wp-json\/wp\/v2\/media\/176607"}],"wp:attachment":[{"href":"https:\/\/zjarr.tv\/sq\/wp-json\/wp\/v2\/media?parent=176606"}],"wp:term":[{"taxonomy":"category","embeddable":true,"href":"https:\/\/zjarr.tv\/sq\/wp-json\/wp\/v2\/categories?post=176606"},{"taxonomy":"post_tag","embeddable":true,"href":"https:\/\/zjarr.tv\/sq\/wp-json\/wp\/v2\/tags?post=176606"}],"curies":[{"name":"wp","href":"https:\/\/api.w.org\/{rel}","templated":true}]}}