{"id":176616,"date":"2021-04-09T18:03:51","date_gmt":"2021-04-09T16:03:51","guid":{"rendered":"https:\/\/zjarr.tv\/?p=176616"},"modified":"2021-04-09T18:03:51","modified_gmt":"2021-04-09T16:03:51","slug":"licaj-e-majta-duhet-tu-kerkoje-falje-artisteve-respekt-per-profesor-bertin-dhe-nana-tinken","status":"publish","type":"post","link":"https:\/\/zjarr.tv\/sq\/licaj-e-majta-duhet-tu-kerkoje-falje-artisteve-respekt-per-profesor-bertin-dhe-nana-tinken\/","title":{"rendered":"Li\u00e7aj: E majta duhet t\u2019u k\u00ebrkoj\u00eb falje artist\u00ebve \/Respekt p\u00ebr profesor Bertin dhe nana Tink\u00ebn"},"content":{"rendered":"<p>Teksa na ndajn\u00eb pak dit\u00eb nga zgjedhjet e 25 prillit, aktori i Teatrit Komb\u00ebtar, Neritan Li\u00e7aj,\u00a0 sqaron arsyet pse mori pjes\u00eb n\u00eb spotin elektoral t\u00eb Partis\u00eb Demokratike.<\/p>\n<p>N\u00eb nj\u00eb intervist\u00eb n\u00eb News 24, Li\u00e7aj ka folur edhe mbi pjes\u00ebmarrjen e aktorit Robert Ndrenika dhe aktores Tinka Kurtit n\u00eb spotin e Partis\u00eb Socialiste. Ai thot\u00eb se \u00ebsht\u00eb e drejta e tyre t\u00eb marrin pjes\u00eb n\u00eb spotin e PS, nd\u00ebrsa thekson se i vler\u00ebson si profesionist\u00eb.<\/p>\n<p>M\u00eb tej, Li\u00e7aj kujton shembjen e Teatrit dhe thot\u00eb se e majta duhet t\u2019u k\u00ebrkoj\u00eb falje artist\u00ebve, edhe atyre q\u00eb firmos\u00ebn p\u00ebr shembjen.<\/p>\n<p>\u201c\u00cbsht\u00eb e drejta e tyre q\u00eb t\u00eb marrin pjes\u00eb n\u00eb spotin e Partis\u00eb Socialiste. Un\u00eb kam respekt p\u00ebr profesor Bertin dhe nana Tink\u00ebn. I vler\u00ebsoj si profesionist\u00eb dhe ajo \u00ebsht\u00eb zgjedhja e tyre. Por ata dalin p\u00ebr nj\u00eb njeri q\u00eb nuk ka b\u00ebr\u00eb asgj\u00eb. Ai shembi teatrin dhe solli policin\u00eb n\u00eb or\u00ebn 4. Nd\u00ebrsa, spoti elektoral ku dal un\u00eb, \u00ebsht\u00eb p\u00ebr Europ\u00ebn\u201d, thot\u00eb aktori Li\u00e7aj.<\/p>\n<p>Aktori nuk e pranon akuz\u00ebn si i politizuar. \u201cPolitika na sulmoi k\u00ebshtu q\u00eb politizimin ta mbaj\u00eb n\u00eb qaf\u00eb e majta dhe policia dhe t\u2019u vij\u00eb turp p\u00ebr at\u00eb q\u00eb b\u00ebn\u00eb. Nuk u detyruam t\u00eb bashk\u00ebpunojm\u00eb me PD-n\u00eb. Ne ishim n\u00eb shesh dhe ftuam k\u00ebdo. Erdh\u00ebn edhe partit\u00eb, n\u00ebse bie n\u00eb sy m\u00eb shum\u00eb Basha dhe Kryemadhi, ky nuk \u00ebsht\u00eb problemi jon\u00eb\u201d, thot\u00eb ai.<\/p>\n<p>Sipas Li\u00e7ajt, artist\u00ebt q\u00eb mendojn\u00eb se mandati i 3 vlen, ta votojn\u00eb. \u00cbsht\u00eb zgjedhje personale e secilit. \u201cArtist\u00ebt q\u00eb mendojn\u00eb se mandati i 3 vlen, ta votojn\u00eb. \u00cbsht\u00eb zgjedhje personale e secilit. Un\u00eb sa t\u00eb kem frym\u00eb nuk e votoj m\u00eb t\u00eb majt\u00ebn. E majta t\u2019u k\u00ebrkoj\u00eb falje artist\u00ebve, sepse ka qen\u00eb sulm politik. E majta \u00ebsht\u00eb n\u00eb borxh, edhe me ata q\u00eb firmos\u00ebn shembjen. Nuk dua t\u00eb merrem me koleg\u00ebt, por un\u00eb e di q\u00eb jam n\u00eb an\u00ebn e duhur t\u00eb historis\u00eb\u201d, thot\u00eb aktori.<\/p>\n<p>Teksa \u00ebsht\u00eb pyetur n\u00ebse merr ndonj\u00eb post me ndryshimin e qeveris\u00eb, Neritan Li\u00e7aj thot\u00eb se nuk synon asnj\u00eb post. \u201cM\u00eb kan\u00eb propozuar, por un\u00eb dua sken\u00ebn\u201d, shprehet aktori.<\/p>\n","protected":false},"excerpt":{"rendered":"<p>Teksa na ndajn\u00eb pak dit\u00eb nga zgjedhjet e 25 prillit, aktori i Teatrit Komb\u00ebtar, Neritan Li\u00e7aj,\u00a0 sqaron arsyet pse mori pjes\u00eb n\u00eb spotin elektoral t\u00eb Partis\u00eb Demokratike. N\u00eb nj\u00eb intervist\u00eb n\u00eb News 24, Li\u00e7aj ka folur edhe mbi pjes\u00ebmarrjen e aktorit Robert Ndrenika dhe aktores Tinka Kurtit n\u00eb spotin e Partis\u00eb Socialiste. Ai thot\u00eb se [&hellip;]<\/p>\n","protected":false},"author":2031,"featured_media":176617,"comment_status":"closed","ping_status":"closed","sticky":false,"template":"","format":"standard","meta":{"footnotes":""},"categories":[241,231,235],"tags":[312,2270,2269,329],"class_list":{"0":"post-176616","1":"post","2":"type-post","3":"status-publish","4":"format-standard","5":"has-post-thumbnail","7":"category-aktualitet","8":"category-lajme","9":"category-vendi","10":"tag-lajme","11":"tag-licaj","12":"tag-robert-ndrenika","13":"tag-zjarr-tv"},"_links":{"self":[{"href":"https:\/\/zjarr.tv\/sq\/wp-json\/wp\/v2\/posts\/176616","targetHints":{"allow":["GET"]}}],"collection":[{"href":"https:\/\/zjarr.tv\/sq\/wp-json\/wp\/v2\/posts"}],"about":[{"href":"https:\/\/zjarr.tv\/sq\/wp-json\/wp\/v2\/types\/post"}],"author":[{"embeddable":true,"href":"https:\/\/zjarr.tv\/sq\/wp-json\/wp\/v2\/users\/2031"}],"replies":[{"embeddable":true,"href":"https:\/\/zjarr.tv\/sq\/wp-json\/wp\/v2\/comments?post=176616"}],"version-history":[{"count":0,"href":"https:\/\/zjarr.tv\/sq\/wp-json\/wp\/v2\/posts\/176616\/revisions"}],"wp:featuredmedia":[{"embeddable":true,"href":"https:\/\/zjarr.tv\/sq\/wp-json\/wp\/v2\/media\/176617"}],"wp:attachment":[{"href":"https:\/\/zjarr.tv\/sq\/wp-json\/wp\/v2\/media?parent=176616"}],"wp:term":[{"taxonomy":"category","embeddable":true,"href":"https:\/\/zjarr.tv\/sq\/wp-json\/wp\/v2\/categories?post=176616"},{"taxonomy":"post_tag","embeddable":true,"href":"https:\/\/zjarr.tv\/sq\/wp-json\/wp\/v2\/tags?post=176616"}],"curies":[{"name":"wp","href":"https:\/\/api.w.org\/{rel}","templated":true}]}}