{"id":176620,"date":"2021-04-09T18:29:18","date_gmt":"2021-04-09T16:29:18","guid":{"rendered":"https:\/\/zjarr.tv\/?p=176620"},"modified":"2021-04-09T18:29:18","modified_gmt":"2021-04-09T16:29:18","slug":"veliaj-shperndan-frymen-e-partise-dhe-le-ne-meshire-te-fatit-rruget-e-tiranes-banoretna-kane-harruar-prej-vitesh","status":"publish","type":"post","link":"https:\/\/zjarr.tv\/sq\/veliaj-shperndan-frymen-e-partise-dhe-le-ne-meshire-te-fatit-rruget-e-tiranes-banoretna-kane-harruar-prej-vitesh\/","title":{"rendered":"Veliaj &#8216;shp\u00ebrndan&#8217; frym\u00ebn e partis\u00eb dhe l\u00eb n\u00eb m\u00ebshir\u00eb t\u00eb fatit rrug\u00ebt e Tiran\u00ebs\/Banor\u00ebt:Na kan\u00eb harruar prej vitesh&#8230;"},"content":{"rendered":"<p>Ndersa kryebashkiaku Erion Veliaj po punon 16 ore ne dite per te shperndare tek njerezit \u201cfrymen\u201d e PS-se sa ne rrogozhine e sa ne Kavaje, banor\u00ebt e rrug\u00ebs \u201cKristaq Antoniu\u201d n\u00eb Shkoz\u00eb ankohen p\u00ebr munges\u00eb investimesh n\u00eb infrastruktur\u00ebn rrugore.Kjo \u00ebsht\u00eb nj\u00eb nd\u00ebr rrug\u00ebt lidh Shkoz\u00ebn me zon\u00ebn e Freskut.Rruga \u00ebsht\u00eb t\u00ebr\u00ebsisht e amortizuar me gropa t\u00eb shumta, \u00e7ka v\u00ebshtir\u00ebson jo vet\u00ebm kalimin e automjeteve, por edhe t\u00eb k\u00ebmb\u00ebsor\u00ebve.<\/p>\n<p>\u201cMe bi\u00e7iklet\u00eb me zor kaloj, jo me makina jo e jo.\u201d\u201cN\u00eb k\u00ebt\u00eb gjendje ka qen\u00eb gjithmon\u00eb.\u201d<\/p>\n<p>\u201cShum\u00eb e v\u00ebshtir\u00eb, nuk kalojn\u00eb dot makinat, edhe ne nuk kalojm\u00eb dot.\u201d<\/p>\n<p>Banor\u00ebt thon\u00eb se edhe pse jan\u00eb ankuar, shqet\u00ebsimet e tyre nuk kan\u00eb marr\u00eb zgjidhje.<\/p>\n<p>\u201cNuk ka v\u00ebn\u00eb dor\u00eb njeri.\u201d<\/p>\n<p>N\u00eb ver\u00eb, shprehen se i mbulon pluhuri e n\u00eb dim\u00ebr balta, ndaj k\u00ebrkojn\u00eb asfaltimin e rrug\u00ebs sa m\u00eb par\u00eb.<\/p>\n<p>\u201cU b\u00ebra 15 vjet dhe e nj\u00ebjta gj\u00eb.\u201d<\/p>\n<p>Mungesa e trotuareve \u00ebsht\u00eb nj\u00eb problem m\u00eb vete.<\/p>\n<p>\u201cF\u00ebmija nuk del dot aty, duhet ta mbaj\u00eb prindi p\u00ebr dore se e shtyp makina.\u201d<\/p>\n<p>N\u00eb kushtet e harres\u00ebs nga institucionet vendore, banor\u00ebt shpesh jan\u00eb detyruar q\u00eb t\u00eb rregullojn\u00eb disa nga problemet me parat\u00eb e tyre.<\/p>\n","protected":false},"excerpt":{"rendered":"<p>Ndersa kryebashkiaku Erion Veliaj po punon 16 ore ne dite per te shperndare tek njerezit \u201cfrymen\u201d e PS-se sa ne rrogozhine e sa ne Kavaje, banor\u00ebt e rrug\u00ebs \u201cKristaq Antoniu\u201d n\u00eb Shkoz\u00eb ankohen p\u00ebr munges\u00eb investimesh n\u00eb infrastruktur\u00ebn rrugore.Kjo \u00ebsht\u00eb nj\u00eb nd\u00ebr rrug\u00ebt lidh Shkoz\u00ebn me zon\u00ebn e Freskut.Rruga \u00ebsht\u00eb t\u00ebr\u00ebsisht e amortizuar me gropa [&hellip;]<\/p>\n","protected":false},"author":2031,"featured_media":176621,"comment_status":"closed","ping_status":"closed","sticky":false,"template":"","format":"standard","meta":{"footnotes":""},"categories":[1],"tags":[408,312,329],"class_list":{"0":"post-176620","1":"post","2":"type-post","3":"status-publish","4":"format-standard","5":"has-post-thumbnail","7":"category-uncategorized-sq","8":"tag-erion-veliaj","9":"tag-lajme","10":"tag-zjarr-tv"},"_links":{"self":[{"href":"https:\/\/zjarr.tv\/sq\/wp-json\/wp\/v2\/posts\/176620","targetHints":{"allow":["GET"]}}],"collection":[{"href":"https:\/\/zjarr.tv\/sq\/wp-json\/wp\/v2\/posts"}],"about":[{"href":"https:\/\/zjarr.tv\/sq\/wp-json\/wp\/v2\/types\/post"}],"author":[{"embeddable":true,"href":"https:\/\/zjarr.tv\/sq\/wp-json\/wp\/v2\/users\/2031"}],"replies":[{"embeddable":true,"href":"https:\/\/zjarr.tv\/sq\/wp-json\/wp\/v2\/comments?post=176620"}],"version-history":[{"count":0,"href":"https:\/\/zjarr.tv\/sq\/wp-json\/wp\/v2\/posts\/176620\/revisions"}],"wp:featuredmedia":[{"embeddable":true,"href":"https:\/\/zjarr.tv\/sq\/wp-json\/wp\/v2\/media\/176621"}],"wp:attachment":[{"href":"https:\/\/zjarr.tv\/sq\/wp-json\/wp\/v2\/media?parent=176620"}],"wp:term":[{"taxonomy":"category","embeddable":true,"href":"https:\/\/zjarr.tv\/sq\/wp-json\/wp\/v2\/categories?post=176620"},{"taxonomy":"post_tag","embeddable":true,"href":"https:\/\/zjarr.tv\/sq\/wp-json\/wp\/v2\/tags?post=176620"}],"curies":[{"name":"wp","href":"https:\/\/api.w.org\/{rel}","templated":true}]}}