{"id":176627,"date":"2021-04-09T21:51:56","date_gmt":"2021-04-09T19:51:56","guid":{"rendered":"https:\/\/zjarr.tv\/?p=176627"},"modified":"2021-04-09T23:07:19","modified_gmt":"2021-04-09T21:07:19","slug":"shperthen-moderatori-i-zjarr-tv-ismet-drishti-belinda-ballukutkete-vend-e-kthyet-ne-parajse-per-barkderrat","status":"publish","type":"post","link":"https:\/\/zjarr.tv\/sq\/shperthen-moderatori-i-zjarr-tv-ismet-drishti-belinda-ballukutkete-vend-e-kthyet-ne-parajse-per-barkderrat\/","title":{"rendered":"Shp\u00ebrthen moderatori i Zjarr TV\/Ismet Drishti Belinda Ballukut:K\u00ebt\u00eb vend e kthyet n\u00eb parajs\u00eb p\u00ebr &#8220;barkderrat&#8221;"},"content":{"rendered":"<p>N\u00eb emisionin &#8220;Shkruaje n\u00eb akull&#8221; n\u00eb Zjarr TV,nuk ka mbetur jasht\u00eb v\u00ebmendjes zhvillimi i dit\u00ebve t\u00eb fundit,pezullimi i pun\u00ebs se kontrolloreve t\u00eb Albcontrol.<br \/>\nZ.Drishti ka num\u00ebruar arsyet pse Balluku ka &#8220;sakrifikuar&#8221;pag\u00ebn 6 milion t\u00eb Albcontrol p\u00ebr pozicionin e ministres:<br \/>\n1.OSE U RINGJALL N\u00cbN\u00cb TEREZA<br \/>\n2.OSE KA HUMBUR LLOGJIK\u00cbN<br \/>\n3.OSE SEPSE PAGA E MINISTRIT \u00cbSHT\u00cb E PAP\u00cbRFILLSSHME N\u00cb KRAHASAIM ME AT\u00cb Q\u00cb &#8216;FITON&#8217; MINISTRJA&#8230;<\/p>\n<p>Eksluzivishte n\u00eb emision ka shfaqur edhe dokumentin q\u00eb tregon KOMPENSIM USHIMOR 77 MILION PER ALBCONTROL &#8230;<\/p>\n<p><img loading=\"lazy\" decoding=\"async\" class=\"alignnone size-medium wp-image-176628\" src=\"https:\/\/zjarr.tv\/wp-content\/uploads\/2021\/04\/WhatsApp-Image-2021-04-09-at-13.43.12-241x300.jpeg\" alt=\"\" width=\"241\" height=\"300\" srcset=\"https:\/\/zjarr.tv\/wp-content\/uploads\/2021\/04\/WhatsApp-Image-2021-04-09-at-13.43.12-241x300.jpeg 241w, https:\/\/zjarr.tv\/wp-content\/uploads\/2021\/04\/WhatsApp-Image-2021-04-09-at-13.43.12-337x420.jpeg 337w, https:\/\/zjarr.tv\/wp-content\/uploads\/2021\/04\/WhatsApp-Image-2021-04-09-at-13.43.12.jpeg 640w\" sizes=\"auto, (max-width: 241px) 100vw, 241px\" \/> <img loading=\"lazy\" decoding=\"async\" class=\"alignnone size-medium wp-image-176629\" src=\"https:\/\/zjarr.tv\/wp-content\/uploads\/2021\/04\/WhatsApp-Image-2021-04-09-at-13.43.13-241x300.jpeg\" alt=\"\" width=\"241\" height=\"300\" srcset=\"https:\/\/zjarr.tv\/wp-content\/uploads\/2021\/04\/WhatsApp-Image-2021-04-09-at-13.43.13-241x300.jpeg 241w, https:\/\/zjarr.tv\/wp-content\/uploads\/2021\/04\/WhatsApp-Image-2021-04-09-at-13.43.13-337x420.jpeg 337w, https:\/\/zjarr.tv\/wp-content\/uploads\/2021\/04\/WhatsApp-Image-2021-04-09-at-13.43.13.jpeg 640w\" sizes=\"auto, (max-width: 241px) 100vw, 241px\" \/><\/p>\n<div class=\"youtube-embed\" data-video_id=\"sQdwQ-xGk14\"><iframe loading=\"lazy\" title=\"Barkderri\" width=\"696\" height=\"392\" src=\"https:\/\/www.youtube.com\/embed\/sQdwQ-xGk14?feature=oembed&#038;enablejsapi=1\" frameborder=\"0\" allow=\"accelerometer; autoplay; clipboard-write; encrypted-media; gyroscope; picture-in-picture\" allowfullscreen><\/iframe><\/div>\n<p>&nbsp;<\/p>\n","protected":false},"excerpt":{"rendered":"<p>N\u00eb emisionin &#8220;Shkruaje n\u00eb akull&#8221; n\u00eb Zjarr TV,nuk ka mbetur jasht\u00eb v\u00ebmendjes zhvillimi i dit\u00ebve t\u00eb fundit,pezullimi i pun\u00ebs se kontrolloreve t\u00eb Albcontrol. Z.Drishti ka num\u00ebruar arsyet pse Balluku ka &#8220;sakrifikuar&#8221;pag\u00ebn 6 milion t\u00eb Albcontrol p\u00ebr pozicionin e ministres: 1.OSE U RINGJALL N\u00cbN\u00cb TEREZA 2.OSE KA HUMBUR LLOGJIK\u00cbN 3.OSE SEPSE PAGA E MINISTRIT \u00cbSHT\u00cb E [&hellip;]<\/p>\n","protected":false},"author":2031,"featured_media":176630,"comment_status":"closed","ping_status":"closed","sticky":false,"template":"","format":"standard","meta":{"footnotes":""},"categories":[200,1],"tags":[2193,305,2271],"class_list":{"0":"post-176627","1":"post","2":"type-post","3":"status-publish","4":"format-standard","5":"has-post-thumbnail","7":"category-shkruaje-ne-akull","8":"category-uncategorized-sq","9":"tag-balluku","10":"tag-ismet-drishti","11":"tag-shkruaje-ne-akull"},"_links":{"self":[{"href":"https:\/\/zjarr.tv\/sq\/wp-json\/wp\/v2\/posts\/176627","targetHints":{"allow":["GET"]}}],"collection":[{"href":"https:\/\/zjarr.tv\/sq\/wp-json\/wp\/v2\/posts"}],"about":[{"href":"https:\/\/zjarr.tv\/sq\/wp-json\/wp\/v2\/types\/post"}],"author":[{"embeddable":true,"href":"https:\/\/zjarr.tv\/sq\/wp-json\/wp\/v2\/users\/2031"}],"replies":[{"embeddable":true,"href":"https:\/\/zjarr.tv\/sq\/wp-json\/wp\/v2\/comments?post=176627"}],"version-history":[{"count":0,"href":"https:\/\/zjarr.tv\/sq\/wp-json\/wp\/v2\/posts\/176627\/revisions"}],"wp:featuredmedia":[{"embeddable":true,"href":"https:\/\/zjarr.tv\/sq\/wp-json\/wp\/v2\/media\/176630"}],"wp:attachment":[{"href":"https:\/\/zjarr.tv\/sq\/wp-json\/wp\/v2\/media?parent=176627"}],"wp:term":[{"taxonomy":"category","embeddable":true,"href":"https:\/\/zjarr.tv\/sq\/wp-json\/wp\/v2\/categories?post=176627"},{"taxonomy":"post_tag","embeddable":true,"href":"https:\/\/zjarr.tv\/sq\/wp-json\/wp\/v2\/tags?post=176627"}],"curies":[{"name":"wp","href":"https:\/\/api.w.org\/{rel}","templated":true}]}}